{"id":2493,"date":"2015-01-14T19:07:59","date_gmt":"2015-01-14T19:07:59","guid":{"rendered":"http:\/\/172.16.0.7\/site-antigo\/?p=2493"},"modified":"2024-10-08T09:10:26","modified_gmt":"2024-10-08T12:10:26","slug":"richa-entrega-onibus-e-vistoria-obras-do-cisvir","status":"publish","type":"post","link":"http:\/\/www.apucarana.pr.gov.br\/site\/richa-entrega-onibus-e-vistoria-obras-do-cisvir\/","title":{"rendered":"Richa entrega &#244;nibus e vistoria obras do Cisvir"},"content":{"rendered":"<p><p><span style=\"letter-spacing: -0.02em; line-height: 1.45em; background-color: initial;\">Num de seus primeiros atos no novo mandato, o Governador Beto Richa visitou Apucarana na tarde de hoje e participou de tr\u00eas eventos. Ele foi recepcionado pelo prefeito de Apucarana e tamb\u00e9m presidente do Cons\u00f3rcio Intermunicipal de Sa\u00fade do Vale do Iva\u00ed e Regi\u00e3o (Cisvir), Beto Preto, e seus colegas prefeitos que integram o cons\u00f3rcio, al\u00e9m da chefe da 16\u00aa Regional de Sa\u00fade, Clara Lemes de Oliveira.<\/span><\/p>\n<p>O evento principal foi sediado no audit\u00f3rio da 16\u00aa RS, com a presen\u00e7a do secret\u00e1rio do Desenvolvimento Urbano, Ratinho Junior; do deputado federal Luiz Carlos Haully; deputados estaduais Alexandre Curi e Artag\u00e3o Junior. No local, Richa oficializou a entrega de quatro &ocirc;nibus, no valor de R$ 208 mil cada, ao prefeito Beto Preto, representando o cons\u00f3rcio. Os &ocirc;nibus ser\u00e3o utilizados por pacientes e seus familiares que necessitam se deslocar do Vale do Iva\u00ed para Apucarana (e no sentido inverso); e tamb\u00e9m para outras cidades, como Londrina, Arapongas e Curitiba, para consultas, exames e outros procedimentos.<\/p>\n<p>Com 27 lugares, os ve\u00edculos s\u00e3o do modelo Volare Marcopolo Rodovi\u00e1rio e v\u00eam equipados com ar condicionado, refrigerador, bagageiro e plataforma elevat\u00f3ria para acessibilidade de pessoas com defici\u00eancia ou dificuldade de locomo\u00e7\u00e3o.<\/p>\n<p>No mesmo ato, o governador repassou um total de R$ 960 mil aos munic\u00edpios de Arapongas, Cambira, Faxinal, Grandes Rios, Kalor\u00e9, Mau\u00e1 da Serra, Rio Bom e S\u00e3o Pedro do Iva\u00ed. O recurso \u00e9 destinado \u00e0 aquisi\u00e7\u00e3o de vans, no valor de R$ 120 mil cada uma, para transporte de pacientes.<\/p>\n<p>A chefe da 16\u00aa RS, Clara Lemes de Oliveira, lembrou que o pr\u00e9dio foi constru\u00eddo pelo ex-governador Jos\u00e9 Richa e que agora est\u00e1 sendo ampliado em700 metros, al\u00e9m de reformado. &ldquo;Para n\u00f3s \u00e9 uma honra receber agora o governador Beto Richa, que tanto apoio tem direcionado \u00e0 sa\u00fade p\u00fablica&rdquo;, destacou Clara.<\/p>\n<p>O prefeito Beto Preto, manifestou sua alegria por receber novamente o governador Beto Richa em Apucarana e o secret\u00e1rio Ratinho Junior, al\u00e9m de deputados e prefeitos de toda a regi\u00e3o. &ldquo;Hoje \u00e9 um dia hist\u00f3rico para Apucarana e regi\u00e3o, que recebem novos ve\u00edculos para o transporte na \u00e1rea de sa\u00fade, al\u00e9m da reforma e amplia\u00e7\u00e3o da regional de sa\u00fade&rdquo;, enalteceu.<\/p>\n<p><b>REGI&Atilde;O METROPOLITANA<\/b>&#8211; Beto Preto fez quest\u00e3o de prestar agradecimento pessoal ao governador Richa pela san\u00e7\u00e3o da lei que criou a Regi\u00e3o Metropolitana de Apucarana. &ldquo;Estamos iniciando um novo ciclo de desenvolvimento com essa nova estrutura administrativa, que abre perspectivas para avan\u00e7armos ainda mais a partir de agora&rdquo;, assinalou o prefeito, conclamando os colegas prefeitos &ldquo;a constru\u00edrem bons projetos e pensarem num futuro mais promissor&rdquo;. Ele fez quest\u00e3o de lembrar do empenho do deputado Nelson Justus e dos demais deputados da Assembleia Legislativa, que aprovaram o projeto. <\/p>\n<p>O governador Beto Richa se manifestou alegre por estar mais uma vez em Apucarana para entregar ve\u00edculos \u00e0 sa\u00fade e acompanhar a evolu\u00e7\u00e3o de obras realizadas em parceria com os munic\u00edpios da regi\u00e3o. &ldquo;Esse \u00e9 um governo que n\u00e3o discrimina ningu\u00e9m e mant\u00e9m uma rela\u00e7\u00e3o republicana com todos os prefeitos, independente de cor partid\u00e1ria&rdquo;, frisou.<\/p>\n<p>Richa destacou sua satisfa\u00e7\u00e3o em ter assinado nesta semana a lei que oficializou a cria\u00e7\u00e3o da Regi\u00e3o Metropolitana de Apucarana. &ldquo;Tenho convic\u00e7\u00e3o de que realmente se abrem novas perspectivas de desenvolvimento para Apucarana e cidades vizinhas que se integram nesta nova regi\u00e3o metropolitana&rdquo;, afirmou o governador sob aplausos do p\u00fablico e autoridades.<\/p>\n<p><b>CENTRO DE ESPECIALIDADES<\/b>&ndash; Ainda em Apucarana, Beto Richa, Beto Preto e toda a comitiva de prefeitos e deputados visitaram o canteiro de obras do futuro Centro de Especialidades M\u00e9dicas do Cisvir, no Jardim Apucarana. A primeira etapa da obra, or\u00e7ada em R$ 2,2 milh\u00f5es, deve estar conclu\u00edda no segundo semestre.<\/p>\n<p>O secret\u00e1rio de Desenvolvimento Urbano, Ratinho Junior, fez quest\u00e3o de visitar e entregar junto com o governador e o prefeito Beto Preto, a pavimenta\u00e7\u00e3o asf\u00e1ltica do Jardim Marissol, que teve investimento de R$ 1 milh\u00e3o do Governo do Estado.<\/p>\n<p><\/p>\n","protected":false},"excerpt":{"rendered":"<p>Os quatro ve&iacute;culos ser&atilde;o destinados ao transporte de pacientes de toda a regi&atilde;o<\/p>\n","protected":false},"author":4,"featured_media":0,"comment_status":"closed","ping_status":"closed","sticky":false,"template":"","format":"standard","meta":{"footnotes":""},"categories":[24],"tags":[],"class_list":["post-2493","post","type-post","status-publish","format-standard","hentry","category-noticias"],"acf":[],"_links":{"self":[{"href":"http:\/\/www.apucarana.pr.gov.br\/site\/wp-json\/wp\/v2\/posts\/2493","targetHints":{"allow":["GET"]}}],"collection":[{"href":"http:\/\/www.apucarana.pr.gov.br\/site\/wp-json\/wp\/v2\/posts"}],"about":[{"href":"http:\/\/www.apucarana.pr.gov.br\/site\/wp-json\/wp\/v2\/types\/post"}],"author":[{"embeddable":true,"href":"http:\/\/www.apucarana.pr.gov.br\/site\/wp-json\/wp\/v2\/users\/4"}],"replies":[{"embeddable":true,"href":"http:\/\/www.apucarana.pr.gov.br\/site\/wp-json\/wp\/v2\/comments?post=2493"}],"version-history":[{"count":1,"href":"http:\/\/www.apucarana.pr.gov.br\/site\/wp-json\/wp\/v2\/posts\/2493\/revisions"}],"predecessor-version":[{"id":104386,"href":"http:\/\/www.apucarana.pr.gov.br\/site\/wp-json\/wp\/v2\/posts\/2493\/revisions\/104386"}],"wp:attachment":[{"href":"http:\/\/www.apucarana.pr.gov.br\/site\/wp-json\/wp\/v2\/media?parent=2493"}],"wp:term":[{"taxonomy":"category","embeddable":true,"href":"http:\/\/www.apucarana.pr.gov.br\/site\/wp-json\/wp\/v2\/categories?post=2493"},{"taxonomy":"post_tag","embeddable":true,"href":"http:\/\/www.apucarana.pr.gov.br\/site\/wp-json\/wp\/v2\/tags?post=2493"}],"curies":[{"name":"wp","href":"https:\/\/api.w.org\/{rel}","templated":true}]}}