{"id":2492,"date":"2015-01-14T12:27:00","date_gmt":"2015-01-14T12:27:00","guid":{"rendered":"http:\/\/172.16.0.7\/site-antigo\/?p=2492"},"modified":"2024-10-08T09:10:26","modified_gmt":"2024-10-08T12:10:26","slug":"reuniao-define-participacao-de-feirantes-na-festa-de-aniversario","status":"publish","type":"post","link":"http:\/\/www.apucarana.pr.gov.br\/site\/reuniao-define-participacao-de-feirantes-na-festa-de-aniversario\/","title":{"rendered":"Reuni\u00e3o define participa\u00e7\u00e3o de feirantes na festa de anivers\u00e1rio"},"content":{"rendered":"<\/p>\n<p>A comiss\u00e3o organizadora dos festejos comemorativos aos 71 anos de emancipa\u00e7\u00e3o pol\u00edtica e administrativa de Apucarana reuniu-se, nesta quarta-feira (14\/01), com representantes da Feira do Entardecer, da Associa\u00e7\u00e3o Cultural e Esportiva de Apucarana (Acea) e com outros interessados que protocolaram pedidos junto \u00e0 Prefeitura. O objetivo do encontro foi definir a participa\u00e7\u00e3o de feirantes durante a festa de anivers\u00e1rio, que vai acontecer de 25 a 28 de janeiro, na Pra\u00e7a Rui Barbosa. Ao todo, haver\u00e1 24 pontos de venda de produtos, sendo a maioria ligados \u00e0 gastronomia.<\/p>\n<p>O encontro, realizado no sal\u00e3o nobre da Prefeitura, foi coordenado pelo procurador jur\u00eddico do Munic\u00edpio, Paulo Vital, e pelo chefe do gabinete municipal, Ednei Mansano. De acordo com Paulo Vital, os boxes ficar\u00e3o situados ao lado dos espelhos d&acute;\u00e1gua, pr\u00f3ximo do m\u00f3dulo da Pol\u00edcia Militar. &ldquo;A disposi\u00e7\u00e3o dos pontos busca atender quest\u00f5es de seguran\u00e7a e de mobilidade. Al\u00e9m da presen\u00e7a da Pol\u00edcia Militar e da Guarda Municipal, o Munic\u00edpio tamb\u00e9m vai contratar seguran\u00e7as privados&rdquo;, frisa Paulo Vital.<\/p>\n<p>Segundo Ednei Mansano, ficou ainda estabelecido durante o encontro que os integrantes da Feira da Lua manter\u00e3o os pre\u00e7os que vinham sendo praticados nos eventos que j\u00e1 s\u00e3o realizados semanalmente na Pra\u00e7a Rui Barbosa. &ldquo;Seguindo solicita\u00e7\u00e3o do prefeito Beto Preto, a orienta\u00e7\u00e3o \u00e9 que sejam praticados pre\u00e7os populares. A festa de anivers\u00e1rio \u00e9 uma possibilidade de gera\u00e7\u00e3o de renda aos feirantes e, ao mesmo tempo, uma oportunidade das pessoas terem acesso aos produtos a pre\u00e7os baixos&rdquo;, pontua Mansano.<\/p>\n<p>Os feirantes est\u00e3o autorizados a trabalhar entre os dias 24 e 28 de janeiro, no per\u00edodo das 10 \u00e0s 23 horas. &ldquo;Haver\u00e1 pontos de venda de pamonha, cocada, lanches, salgados, doces, batata frita, churros, espetinhos, bisteca na chapa, al\u00e9m de op\u00e7\u00f5es da gastronomia japonesa, mexicana, italiana, ucraniana e nordestina, entre outros&rdquo;, cita Mansano.<\/p>\n<p><b>SHOWS &#8211;<\/b> A programa\u00e7\u00e3o de shows alusivos aos 71 anos de emancipa\u00e7\u00e3o pol\u00edtica e administrativa de Apucarana come\u00e7a no dia 25, com Vitor e Vanuti (The Voice Brasil) e tem sequ\u00eancia no dia 26, com a Banda Metr\u00f3pole, dia 27, com Marciano (da dupla Jo\u00e3o Mineiro e Marciano), e ser\u00e1 finaliza no dia 28 com C\u00e9zar Menotti e Fabiano. Todos os shows come\u00e7am \u00e0s 21 horas e as apresenta\u00e7\u00f5es v\u00e3o ocorrer em palco que ser\u00e1 montado na Pra\u00e7a Rui Barbosa.<\/p>\n<p><\/p>\n","protected":false},"excerpt":{"rendered":"<p>Ao todo, haver&aacute; 24 pontos de venda de produtos, sendo a maioria ligados &agrave; gastronomia<\/p>\n","protected":false},"author":4,"featured_media":0,"comment_status":"closed","ping_status":"closed","sticky":false,"template":"","format":"standard","meta":{"footnotes":""},"categories":[24],"tags":[],"class_list":["post-2492","post","type-post","status-publish","format-standard","hentry","category-noticias"],"acf":[],"_links":{"self":[{"href":"http:\/\/www.apucarana.pr.gov.br\/site\/wp-json\/wp\/v2\/posts\/2492","targetHints":{"allow":["GET"]}}],"collection":[{"href":"http:\/\/www.apucarana.pr.gov.br\/site\/wp-json\/wp\/v2\/posts"}],"about":[{"href":"http:\/\/www.apucarana.pr.gov.br\/site\/wp-json\/wp\/v2\/types\/post"}],"author":[{"embeddable":true,"href":"http:\/\/www.apucarana.pr.gov.br\/site\/wp-json\/wp\/v2\/users\/4"}],"replies":[{"embeddable":true,"href":"http:\/\/www.apucarana.pr.gov.br\/site\/wp-json\/wp\/v2\/comments?post=2492"}],"version-history":[{"count":1,"href":"http:\/\/www.apucarana.pr.gov.br\/site\/wp-json\/wp\/v2\/posts\/2492\/revisions"}],"predecessor-version":[{"id":104387,"href":"http:\/\/www.apucarana.pr.gov.br\/site\/wp-json\/wp\/v2\/posts\/2492\/revisions\/104387"}],"wp:attachment":[{"href":"http:\/\/www.apucarana.pr.gov.br\/site\/wp-json\/wp\/v2\/media?parent=2492"}],"wp:term":[{"taxonomy":"category","embeddable":true,"href":"http:\/\/www.apucarana.pr.gov.br\/site\/wp-json\/wp\/v2\/categories?post=2492"},{"taxonomy":"post_tag","embeddable":true,"href":"http:\/\/www.apucarana.pr.gov.br\/site\/wp-json\/wp\/v2\/tags?post=2492"}],"curies":[{"name":"wp","href":"https:\/\/api.w.org\/{rel}","templated":true}]}}