{"id":2491,"date":"2015-01-14T11:15:59","date_gmt":"2015-01-14T11:15:59","guid":{"rendered":"http:\/\/172.16.0.7\/site-antigo\/?p=2491"},"modified":"2024-10-08T09:10:26","modified_gmt":"2024-10-08T12:10:26","slug":"beto-preto-destaca-criacao-da-regiao-metropolitana-de-apucarana","status":"publish","type":"post","link":"http:\/\/www.apucarana.pr.gov.br\/site\/beto-preto-destaca-criacao-da-regiao-metropolitana-de-apucarana\/","title":{"rendered":"Beto Preto destaca cria\u00e7\u00e3o da Regi\u00e3o Metropolitana de Apucarana"},"content":{"rendered":"<p><span style=\"letter-spacing: -0.02em; line-height: 1.45em; background-color: initial;\">A lei que cria a Regi\u00e3o Metropolitana de Apucarana (RMA), sancionada pelo governador Beto Richa nesta ter\u00e7a-feira (13\/01), j\u00e1 foi publicada no Di\u00e1rio Oficial Eletr&ocirc;nico do Estado do Paran\u00e1.O prefeito de Apucarana, Beto Preto, recebeu a informa\u00e7\u00e3o com entusiasmo. &ldquo;&Eacute; um importante e grande presente que Apucarana recebe na festa do seu anivers\u00e1rio e, em especial, na minha administra\u00e7\u00e3o como prefeito&rdquo;, afirmou Beto Preto. &ldquo;Eu s\u00f3 quero agradecer ao governador Beto Richa, ao deputado Nelson Justus, que \u00e9 o autor da lei, e tamb\u00e9m a outros deputados que ajudaram a articular este projeto, como Pedro Lupion e &Ecirc;nio Verri&rdquo;, acrescentou.<\/span><\/p>\n<p><span>Para o prefeito, a cria\u00e7\u00e3o da RMA traz novas perspectivas para a cidade e regi\u00e3o &ldquo;Vemos que Apucarana est\u00e1 se libertando das amarras do passado e passando a viver num novo tempo. &Eacute; o desenvolvimento que se vislumbra n\u00e3o s\u00f3 para Apucarana, mas para todos os munic\u00edpios do Vale do Iva\u00ed que fazem parte desta nova regi\u00e3o&rdquo;, comenta. &ldquo;Agora, o que precisamos \u00e9 nos unir e elaborar bons projetos para conseguir recursos visando o desenvolvimento regional&rdquo;, declara. Ele observa que a cidade e a regi\u00e3o ter\u00e3o muitos avan\u00e7os nas \u00e1reas de constru\u00e7\u00e3o civil, habita\u00e7\u00e3o, transporte e integra\u00e7\u00e3o regional, entre outras.<\/span><\/p>\n<p>O Projeto de Lei, de autoria do deputado estadual Nelson Justus (DEM) e aprovado pela Assembleia Legislativa, abrange 23 munic\u00edpios do Vale do Iva\u00ed. Fazem parte do projeto Apucarana, Arapu\u00e3, Ariranha do Iva\u00ed, Borraz\u00f3polis, Calif\u00f3rnia, Cruzmaltina, Faxinal, Godoy Moreira, Grandes Rios, Ivaipor\u00e3, Jardim Alegre, Kalor\u00e9, Lidian\u00f3polis, Lunardelli, Maril&acirc;ndia do Sul, Marumbi, Mau\u00e1 da Serra, Novo Itacolomi, Rio Bom, Rio Branco do Iva\u00ed, Ros\u00e1rio do Iva\u00ed, S\u00e3o Jo\u00e3o do Iva\u00ed e S\u00e3o Pedro do Iva\u00ed. <\/p>\n<p>O deputado Nelson Justus comemorou a san\u00e7\u00e3o da lei. &ldquo;Para mim, esse projeto \u00e9 muito importante. &Eacute; mais uma encomenda que recebi das lideran\u00e7as da cidade e consegui, com apoio do governador, torn\u00e1-la realidade&rdquo;, disse Justus, que foi o respons\u00e1vel tamb\u00e9m pela antecipa\u00e7\u00e3o da duplica\u00e7\u00e3o da BR-369 entre Apucarana e Arapongas.<\/p>\n<p> <span>&ldquo;&Eacute; uma conquista fant\u00e1stica. Agora, o prefeito e o povo de Apucarana e regi\u00e3o ter\u00e3o que saber usar dos benef\u00edcios da regi\u00e3o metropolitana e tenho certeza que saber\u00e3o fazer isso&rdquo;, assinalou. Ele tamb\u00e9m destacou o empenho de lideran\u00e7as da cidade, principalmente do jornalista Baltazar Eust\u00e1quio de Oliveira, diretor-superintendente do Jornal Tribuna do Norte.<\/span><\/p>\n<p><b><span>Fonte: <\/span><\/b>Jornal Tribuna do Norte<\/p>\n","protected":false},"excerpt":{"rendered":"<p>Prefeito de Apucarana afirma que a san&ccedil;&atilde;o da Lei da RMA &eacute; um presente para o anivers&aacute;rio da cidade<\/p>\n","protected":false},"author":4,"featured_media":0,"comment_status":"closed","ping_status":"closed","sticky":false,"template":"","format":"standard","meta":{"footnotes":""},"categories":[24],"tags":[],"class_list":["post-2491","post","type-post","status-publish","format-standard","hentry","category-noticias"],"acf":[],"_links":{"self":[{"href":"http:\/\/www.apucarana.pr.gov.br\/site\/wp-json\/wp\/v2\/posts\/2491","targetHints":{"allow":["GET"]}}],"collection":[{"href":"http:\/\/www.apucarana.pr.gov.br\/site\/wp-json\/wp\/v2\/posts"}],"about":[{"href":"http:\/\/www.apucarana.pr.gov.br\/site\/wp-json\/wp\/v2\/types\/post"}],"author":[{"embeddable":true,"href":"http:\/\/www.apucarana.pr.gov.br\/site\/wp-json\/wp\/v2\/users\/4"}],"replies":[{"embeddable":true,"href":"http:\/\/www.apucarana.pr.gov.br\/site\/wp-json\/wp\/v2\/comments?post=2491"}],"version-history":[{"count":1,"href":"http:\/\/www.apucarana.pr.gov.br\/site\/wp-json\/wp\/v2\/posts\/2491\/revisions"}],"predecessor-version":[{"id":104388,"href":"http:\/\/www.apucarana.pr.gov.br\/site\/wp-json\/wp\/v2\/posts\/2491\/revisions\/104388"}],"wp:attachment":[{"href":"http:\/\/www.apucarana.pr.gov.br\/site\/wp-json\/wp\/v2\/media?parent=2491"}],"wp:term":[{"taxonomy":"category","embeddable":true,"href":"http:\/\/www.apucarana.pr.gov.br\/site\/wp-json\/wp\/v2\/categories?post=2491"},{"taxonomy":"post_tag","embeddable":true,"href":"http:\/\/www.apucarana.pr.gov.br\/site\/wp-json\/wp\/v2\/tags?post=2491"}],"curies":[{"name":"wp","href":"https:\/\/api.w.org\/{rel}","templated":true}]}}