{"id":2490,"date":"2015-01-13T18:40:59","date_gmt":"2015-01-13T18:40:59","guid":{"rendered":"http:\/\/172.16.0.7\/site-antigo\/?p=2490"},"modified":"2024-10-08T09:10:26","modified_gmt":"2024-10-08T12:10:26","slug":"prefeitura-define-shows-do-aniversario","status":"publish","type":"post","link":"http:\/\/www.apucarana.pr.gov.br\/site\/prefeitura-define-shows-do-aniversario\/","title":{"rendered":"Prefeitura define shows do anivers\u00e1rio"},"content":{"rendered":"<table>\n<tbody>\n<tr>\n<td>\n<table>\n<tbody>\n<tr>\n<td>\n<p><span style=\"letter-spacing: -0.02em; line-height: 1.45em; background-color: initial;\">A comiss\u00e3o organizadora dos festejos comemorativos aos 71 anos de     emancipa\u00e7\u00e3o pol\u00edtica e administrativa de Apucarana anunciou hoje (13) a     programa\u00e7\u00e3o de shows, previstos para a Pra\u00e7a Rui Barbosa. As apresenta\u00e7\u00f5es     acontecem nos dias 25, 26, 27 e 28 de janeiro, sempre a partir das 21     horas.<\/span><\/p>\n<p>Na abertura da programa\u00e7\u00e3o, no domingo, dia 25,     o p\u00fablico de Apucarana e regi\u00e3o ser\u00e1 brindado com um show da dupla Vitor e     Vanuti, que fizeram grande sucesso em todo o Pa\u00eds, durante o programa The     Voice Brasil, da Rede Globo de Televis\u00e3o, no qual se classificaram entre os     finalistas. No show, Vitor (Apucarana) e Vanuti (Kalor\u00e9) apresentam as     m\u00fasicas do seu primeiro \u00e1lbum, al\u00e9m de sucessos consagrados do sertanejo.<\/p>\n<p>Na segunda-feira, dia 26, sobe ao palco da     Pra\u00e7a Rui Barbosa a renomada Banda Metr\u00f3pole, oriunda de Maring\u00e1 e que faz     sucesso em todo o centro-sul do pa\u00eds, em variados eventos. A atra\u00e7\u00e3o \u00e9 um     presente da TV Tibagi &#8211; ligada \u00e0 Rede Massa de Televis\u00e3o -, \u00e0 popula\u00e7\u00e3o de     Apucarana e regi\u00e3o.<\/p>\n<p>Na Ter\u00e7a-feira, se apresenta o cantor Marciano,     que por d\u00e9cadas fez sucesso em todo o Brasil com a dupla &ldquo;Jo\u00e3o Mineiro e     Marciano&rdquo;. Com a perda do parceiro, Marciano segue carreira solo e, no     anivers\u00e1rio de Apucarana, cantar\u00e1 dezenas de m\u00fasicas que s\u00e3o bastante     conhecidas do p\u00fablico.<\/p>\n<p>E, para fechar a programa\u00e7\u00e3o, retornam \u00e0s suas     ra\u00edzes C\u00e9sar Menotti &amp;amp; Fabiano, a dupla que cresceu e se criou em     Calif\u00f3rnia e Apucarana e que, mais tarde, virou sucesso nacional. Dos     barzinhos e festas universit\u00e1rias em Belo Horizonte, a dupla &ldquo;p\u00e9 vermelho&rdquo;     emplacou diversas m\u00fasicas e se transformou em unanimidade nacional.     <\/p>\n<p>O Procurador Geral do Munic\u00edpio, o advogado     Paulo S\u00e9rgio Vital, informou que a contrata\u00e7\u00e3o dos shows foi direta com os     artistas. &ldquo;Negociamos e fechamos os contratos com os escrit\u00f3rios dos     artistas, sem a intermedia\u00e7\u00e3o de terceiros, conforme determina a     legisla\u00e7\u00e3o&rdquo;, explicou.<\/p>\n<p>Vital revelou que, seguindo orienta\u00e7\u00e3o do     prefeito Beto Preto, a proposta da comiss\u00e3o, com os shows contratados, foi     agradar todas as faixas et\u00e1rias. &ldquo;Tamb\u00e9m estamos mantendo a realiza\u00e7\u00e3o de     shows em pra\u00e7a p\u00fablica, sem a cobran\u00e7a de ingressos em recintos fechados,     como forma de garantir o acesso a todos apucaranenses&rdquo;, concluiu.<\/p>\n<p><b>((( QUADRO )))<\/b><\/p>\n<p><b>Shows na Pra\u00e7a Rui Barbosa:<\/b><\/p>\n<p>Domingo, 25\/01, 21 hrs &ndash; Vitor e Vanuti (The     Voice Brasil)<\/p>\n<p>Segunda, 26\/01, 21 hrs &ndash; Banda Metr\u00f3pole     (Maring\u00e1)<\/p>\n<p>Ter\u00e7a, 27\/01, 21 hrs &ndash; Marciano (da dupla Jo\u00e3o Mineiro e     Marciano)<\/p>\n<p>Quarta, 28\/01, 21 hrs &ndash; C\u00e9zar Menotti e Fabiano<\/p>\n<\/td>\n<\/tr>\n<\/tbody>\n<\/table>\n<\/td>\n<\/tr>\n<\/tbody>\n<\/table>\n<p><\/p>\n","protected":false},"excerpt":{"rendered":"<p>Apresenta&ccedil;&otilde;es acontecem na Pra&ccedil;a Rui Barbosa, onde tamb&eacute;m funcionar&aacute; um centro de alimenta&ccedil;&atilde;o<\/p>\n","protected":false},"author":4,"featured_media":0,"comment_status":"closed","ping_status":"closed","sticky":false,"template":"","format":"standard","meta":{"footnotes":""},"categories":[24],"tags":[],"class_list":["post-2490","post","type-post","status-publish","format-standard","hentry","category-noticias"],"acf":[],"_links":{"self":[{"href":"http:\/\/www.apucarana.pr.gov.br\/site\/wp-json\/wp\/v2\/posts\/2490","targetHints":{"allow":["GET"]}}],"collection":[{"href":"http:\/\/www.apucarana.pr.gov.br\/site\/wp-json\/wp\/v2\/posts"}],"about":[{"href":"http:\/\/www.apucarana.pr.gov.br\/site\/wp-json\/wp\/v2\/types\/post"}],"author":[{"embeddable":true,"href":"http:\/\/www.apucarana.pr.gov.br\/site\/wp-json\/wp\/v2\/users\/4"}],"replies":[{"embeddable":true,"href":"http:\/\/www.apucarana.pr.gov.br\/site\/wp-json\/wp\/v2\/comments?post=2490"}],"version-history":[{"count":1,"href":"http:\/\/www.apucarana.pr.gov.br\/site\/wp-json\/wp\/v2\/posts\/2490\/revisions"}],"predecessor-version":[{"id":104389,"href":"http:\/\/www.apucarana.pr.gov.br\/site\/wp-json\/wp\/v2\/posts\/2490\/revisions\/104389"}],"wp:attachment":[{"href":"http:\/\/www.apucarana.pr.gov.br\/site\/wp-json\/wp\/v2\/media?parent=2490"}],"wp:term":[{"taxonomy":"category","embeddable":true,"href":"http:\/\/www.apucarana.pr.gov.br\/site\/wp-json\/wp\/v2\/categories?post=2490"},{"taxonomy":"post_tag","embeddable":true,"href":"http:\/\/www.apucarana.pr.gov.br\/site\/wp-json\/wp\/v2\/tags?post=2490"}],"curies":[{"name":"wp","href":"https:\/\/api.w.org\/{rel}","templated":true}]}}