{"id":2489,"date":"2015-01-12T18:56:00","date_gmt":"2015-01-12T18:56:00","guid":{"rendered":"http:\/\/172.16.0.7\/site-antigo\/?p=2489"},"modified":"2024-10-08T09:10:26","modified_gmt":"2024-10-08T12:10:26","slug":"estacionamento-rotativo-ganha-mais-trezentas-vagas","status":"publish","type":"post","link":"http:\/\/www.apucarana.pr.gov.br\/site\/estacionamento-rotativo-ganha-mais-trezentas-vagas\/","title":{"rendered":"Estacionamento rotativo ganha mais trezentas vagas"},"content":{"rendered":"<p><p><span style=\"letter-spacing: -0.02em; line-height: 1.45em; background-color: initial;\">O prefeito Beto Preto assinou hoje o decreto n\u00ba 005\/2015, que amplia a \u00e1rea do estacionamento rotativo da \u00e1rea central de Apucarana. O sistema ser\u00e1 estendido para dezenove trechos de dezesseis ruas, abrindo mais trezentas vagas de estacionamento regulamentado.<\/span><\/p>\n<p>De acordo com os termos daLei Municipal n\u00ba 182\/05 os usu\u00e1rios das vagas de estacionamento rotativo de ve\u00edculos automotores nas vias e logradouros p\u00fablicos do Munic\u00edpio de Apucarana na \u00e1rea abrangida pelo sistema, tamb\u00e9m ficar\u00e3o sujeitos \u00e0s regras definidas no novo decreto.<\/p>\n<p>&ldquo;O sistema ter\u00e1 abrang\u00eancia estendida aos trechos descritos e definidos no decreto &ndash; publicado hoje (13) no \u00f3rg\u00e3o oficial do Munic\u00edpio -, conforme o Anexo I&rdquo;, prev\u00ea o decreto. Tamb\u00e9m se soma \u00e0 \u00e1rea de abrang\u00eancia do estacionamento rotativo, os trechos de ruas j\u00e1 previstos pelo Decreto n\u00ba 317, de 2011, e que ainda n\u00e3o haviam sido regulamentados.<\/p>\n<p>A implanta\u00e7\u00e3o das novas \u00e1reas ser\u00e1 determinada \u00e0 Explora Parking, empresa que atualmente administra o sistema em car\u00e1ter emergencial, ap\u00f3s o rompimento do contrato com a Lapaza.<\/p>\n<p>Atualmente, os propriet\u00e1rios de ve\u00edculos t\u00eam quinze minutos de toler&acirc;ncia nas vagas de estacionamento rotativo. Ap\u00f3s esse tempo, \u00e9 cobrado R$ 0,70 por meia hora, ou R$ 1,40 por hora. A empresa fornece tal\u00f5es dos dois valores para os usu\u00e1rios do sistema.<\/p>\n<p>Ao assinar o decreto ontem, o prefeito Beto Preto, acompanhado do Procurador Geral do Munic\u00edpio, Paulo S\u00e9rgio Vital, disse que o sistema volta a ter uma m\u00e9dia de 1.200 vagas de estacionamento. &ldquo;Haviam sido eliminadas cerca de 200 vagas com a cria\u00e7\u00e3o de duas faixas de circula\u00e7\u00e3o em algumas vias, com estacionamento permitido apenas do lado direito&rdquo;, lembrou.<\/p>\n<p>Segundo ele, tudo est\u00e1 sendo feito \u00e0s claras e com total transpar\u00eancia. &ldquo;Estamos atendendo apelos de comerciantes e, ao mesmo tempo, estimulando maior rotatividade de vagas na \u00e1rea central&rdquo;, assinala o prefeito, acrescentando que a troca de paralelep\u00edpedos por pavimento asf\u00e1ltico, tamb\u00e9m est\u00e1 viabilizando a amplia\u00e7\u00e3o deste sistema. <\/p>\n<p>Beto Preto revela que a licita\u00e7\u00e3o do estacionamento rotativo est\u00e1 sendo conclu\u00edda. &ldquo;Estamos buscando novas tecnologias que permitam um maior controle das vagas e do tempo de perman\u00eancia&rdquo;, informa.<\/p>\n<p>((( BOX)))<\/p>\n<p>Confira quais s\u00e3o os novos trechos do rotativo<\/p>\n<p><b><u>RUA S&Atilde;O GER&Ocirc;NIMO<\/u><\/b>no trecho entre a Avenida Curitiba e a Avenida Corifeu de Azevedo Marques;<\/p>\n<p><b><u>RUA TAMANDAR&Eacute;<\/u><\/b>no trecho entre a Rua S\u00e3o Ger&ocirc;nimo e a Avenida Corifeu de Azevedo Marques;<\/p>\n<p><b><u>RUA IRM&Atilde; ELEOT&Eacute;RIA<\/u><\/b>no trecho entre a Rua Guarapuava e a P\u00e7. Interventor Manoel Ribas;<\/p>\n<p><b><u>RUA GUARAPUAVA<\/u><\/b>no trecho entre a Rua Dr. Munhoz da Rocha e a Rua Dr. Nagib Daher;<\/p>\n<p><b><u>RUA PROF. ERASTO GAERTNER<\/u><\/b>no trecho entre a Rua Guarapuava e a Rua Dr. Oswaldo Cruz;<\/p>\n<p><b><u>RUA MIGUEL SIME&Atilde;O<\/u><\/b>no trecho entre a Rua Dr. Nagib Daher e a Rua Professor Erasto Gaertner;<\/p>\n<p><b><u>RUA RIO BRANCO<\/u><\/b>no trecho entre a Rua Gast\u00e3o Vidigal e a Rua Bandeirantes;<\/p>\n<p><b><u>RUA PROF. JO&Atilde;O CANDIDO FERREIRA<\/u><\/b>no trecho entre a Rua Gast\u00e3o Vidigal e a Rua Bandeirantes;<\/p>\n<p><b><u>RUA REN&Ecirc; CAMARGO DE AZAMBUJA<\/u><\/b>no trecho entre a Rua Dr. Nagib Daher e a Rua Gast\u00e3o Vidigal;<\/p>\n<p><b><u>RUA CL&Oacute;VIS DA FONSECA<\/u><\/b>nos trechos entre a Av. Dr. Munhoz da Rocha e a Rua Des. Clot\u00e1rio Portugal, e entre a Rua Ponta Grossa e a Rua Nagib Daher;<\/p>\n<p><b><u>RUA DR. NAGIB DAHER<\/u><\/b>nos trechos entre a Rua Ren\u00e9 Camargo de Azambuja e a Rua Cl\u00f3vis da Fonseca, e entre a Rua Miguel Simi\u00e3o e a Rua Guarapuava;<\/p>\n<p><b><u>RUA DES. CLOT&Aacute;RIO PORTUGAL<\/u><\/b>nos trechos entre a Rua Miguel Sime\u00e3o e a Rua Pio XII, e entre a Rua Cl\u00f3vis da Fonseca e a Rua Dem\u00e9trio;<\/p>\n<p><b><u>AV. DR. MUNHOZ DA ROCHA<\/u><\/b>no trecho entre a Rua Miguel Sime\u00e3o e a Rua Guarapuava;<\/p>\n<p><b><u>TRAVESSA DO GERA<\/u><\/b>no trecho entre a Av. Curitiba e a Rua Firman Neto;<\/p>\n<p><b><u>RUA GALDINO GLUCK JUNIOR<\/u><\/b>no trecho entre a Rua Des. Clot\u00e1rio Portugal e a Rua Nagib Daher;<\/p>\n<p><b><u>RUA PONTA GROSSA<\/u><\/b>no trecho entre a Rua Miguel Sime\u00e3o e a Rua Guarapuava.<\/p>\n<p><\/p>\n","protected":false},"excerpt":{"rendered":"<p>Sistema ser&aacute; estendido para dezenove trechos de dezesseis ruas<\/p>\n","protected":false},"author":4,"featured_media":0,"comment_status":"closed","ping_status":"closed","sticky":false,"template":"","format":"standard","meta":{"footnotes":""},"categories":[24],"tags":[],"class_list":["post-2489","post","type-post","status-publish","format-standard","hentry","category-noticias"],"acf":[],"_links":{"self":[{"href":"http:\/\/www.apucarana.pr.gov.br\/site\/wp-json\/wp\/v2\/posts\/2489","targetHints":{"allow":["GET"]}}],"collection":[{"href":"http:\/\/www.apucarana.pr.gov.br\/site\/wp-json\/wp\/v2\/posts"}],"about":[{"href":"http:\/\/www.apucarana.pr.gov.br\/site\/wp-json\/wp\/v2\/types\/post"}],"author":[{"embeddable":true,"href":"http:\/\/www.apucarana.pr.gov.br\/site\/wp-json\/wp\/v2\/users\/4"}],"replies":[{"embeddable":true,"href":"http:\/\/www.apucarana.pr.gov.br\/site\/wp-json\/wp\/v2\/comments?post=2489"}],"version-history":[{"count":1,"href":"http:\/\/www.apucarana.pr.gov.br\/site\/wp-json\/wp\/v2\/posts\/2489\/revisions"}],"predecessor-version":[{"id":104390,"href":"http:\/\/www.apucarana.pr.gov.br\/site\/wp-json\/wp\/v2\/posts\/2489\/revisions\/104390"}],"wp:attachment":[{"href":"http:\/\/www.apucarana.pr.gov.br\/site\/wp-json\/wp\/v2\/media?parent=2489"}],"wp:term":[{"taxonomy":"category","embeddable":true,"href":"http:\/\/www.apucarana.pr.gov.br\/site\/wp-json\/wp\/v2\/categories?post=2489"},{"taxonomy":"post_tag","embeddable":true,"href":"http:\/\/www.apucarana.pr.gov.br\/site\/wp-json\/wp\/v2\/tags?post=2489"}],"curies":[{"name":"wp","href":"https:\/\/api.w.org\/{rel}","templated":true}]}}