{"id":24888,"date":"2019-07-12T12:34:32","date_gmt":"2019-07-12T15:34:32","guid":{"rendered":"http:\/\/172.16.0.7\/site-antigo\/?p=24888"},"modified":"2024-10-08T09:19:03","modified_gmt":"2024-10-08T12:19:03","slug":"municipio-convoca-43-aprovados-em-concurso-publico","status":"publish","type":"post","link":"http:\/\/www.apucarana.pr.gov.br\/site\/municipio-convoca-43-aprovados-em-concurso-publico\/","title":{"rendered":"Munic\u00edpio convoca 43 aprovados em concurso p\u00fablico"},"content":{"rendered":"<p>Atrav\u00e9s do edital 019\/19, o Munic\u00edpio est\u00e1 convocando 43 candidatos aprovados em concurso p\u00fablico. As pessoas relacionadas dever\u00e3o se apresentar no sal\u00e3o nobre da Prefeitura no dia 16 de julho, \u00e0s 9 horas.<br \/>\nEst\u00e3o sendo chamados os aprovados seguindo a classifica\u00e7\u00e3o geral para os cargos de fiscal de meio ambiente, fiscal tribut\u00e1rio, t\u00e9cnico em contabilidade, assistente t\u00e9cnico, contador, psic\u00f3logo, motorista e oper\u00e1rio.<br \/>\nTamb\u00e9m est\u00e3o sendo chamados m\u00fasicos que integrar\u00e3o a Banda Municipal, para os instrumentos clarinete em si bemol, piano, saxofone, trombone de vara, viola cl\u00e1ssica, violoncelo, sax tenor e bateria.<br \/>\nO prefeito Junior da Femac afirma que a realiza\u00e7\u00e3o de concursos \u00e9 uma necessidade da administra\u00e7\u00e3o e que vem sendo feita regularmente desde 2013,\u00a0quando iniciou a gest\u00e3o Beto Preto. \u201cEssa recomposi\u00e7\u00e3o dos quadros acontece devido a aposentadorias, pelo aprimoramento do servi\u00e7o p\u00fablico, pelo crescimento da cidade que j\u00e1 chega a 135 mil habitantes e com o consequente aumento das demandas\u201d, frisa Junior da Femac.<br \/>\nRosmeire Rivelini, superintendente de Recursos Humanos, alerta que o n\u00e3o comparecimento do candidato na data estabelecida implicar\u00e1 na perda da vaga. Rivelini tamb\u00e9m orienta os aprovados a j\u00e1 providenciarem a documenta\u00e7\u00e3o necess\u00e1ria que s\u00e3o: c\u00f3pia da carteira de identidade; c\u00f3pia do CPF;\u00a0 t\u00edtulo de eleitor com comprovante de vota\u00e7\u00e3o na \u00faltima elei\u00e7\u00e3o; c\u00f3pia da carteira e\/ou certificado de reservista, se do sexo masculino;\u00a0 uma foto 3&#215;4; c\u00f3pia da certid\u00e3o de nascimento ou casamento; c\u00f3pia da certid\u00e3o de nascimento dos filhos menores de 14 (quatorze) anos, quando couber; c\u00f3pia autenticada do Diploma ou Certificado de Conclus\u00e3o do Curso, bem como os demais documentos comprobat\u00f3rios dos requisitos exigidos para o cargo ao qual se inscreveu;\u00a0 declara\u00e7\u00e3o de bens e valores que constituem seu patrim\u00f4nio;\u00a0 declara\u00e7\u00e3o quanto ao exerc\u00edcio ou n\u00e3o, de outro cargo ou fun\u00e7\u00e3o p\u00fablica, ou que se enquadra na exce\u00e7\u00e3o contida no art. 37, inciso XVI da Constitui\u00e7\u00e3o Federal e declara\u00e7\u00e3o de que n\u00e3o recebe proventos ou outro benef\u00edcio \u00a0do Regime Pr\u00f3prio de Previd\u00eancia Social da Administra\u00e7\u00e3o P\u00fablica ou Beneficio do Regime Geral de Previd\u00eancia Social (INSS), relativo a emprego p\u00fablico;\u00a0 atestado de antecedentes criminais expedido pela Secretaria de Seguran\u00e7a P\u00fablica do Estado do Paran\u00e1; comprovante de endere\u00e7o.<br \/>\n&nbsp;<br \/>\nRELA\u00c7\u00c3O DE CONVOCADOS<br \/>\n<strong>CLASSIFICA\u00c7\u00c3O GERAL &#8211; CARGO: <\/strong><strong>FISCAL DO MEIO AMBIENTE<\/strong><\/p>\n<table width=\"635\">\n<tbody>\n<tr>\n<td width=\"58\"><strong>INSC<\/strong><\/td>\n<td width=\"235\"><strong>NOME<\/strong><\/td>\n<td width=\"94\"><strong>DATA NASC<\/strong><\/td>\n<td width=\"58\"><strong>CLASS<\/strong><\/td>\n<td width=\"189\"><strong>CARGO<\/strong><\/td>\n<\/tr>\n<tr>\n<td width=\"58\">124327<\/td>\n<td width=\"235\">MARCIA REGINA LOPEZ ARANTES<\/td>\n<td width=\"94\">09\/09\/1972<\/td>\n<td width=\"58\">4<\/td>\n<td width=\"189\">FISCAL DO MEIO AMBIENTE<\/td>\n<\/tr>\n<\/tbody>\n<\/table>\n<p><strong>\u00a0<\/strong><br \/>\n<strong>CLASSIFICA\u00c7\u00c3O GERAL &#8211; CARGO: <\/strong><strong>FISCAL TRIBUT\u00c1RIO<\/strong><br \/>\n<strong>\u00a0<\/strong><\/p>\n<table width=\"635\">\n<tbody>\n<tr>\n<td width=\"58\"><strong>INSC<\/strong><\/td>\n<td width=\"235\"><strong>NOME<\/strong><\/td>\n<td width=\"94\"><strong>DATA NASC<\/strong><\/td>\n<td width=\"58\"><strong>CLASS<\/strong><\/td>\n<td width=\"189\"><strong>CARGO<\/strong><\/td>\n<\/tr>\n<tr>\n<td width=\"58\">117793<\/td>\n<td width=\"235\">JULIANO PORF\u00cdRIO DA SILVA<\/td>\n<td width=\"94\">15\/04\/1985<\/td>\n<td width=\"58\">1<\/td>\n<td width=\"189\">FISCAL TRIBUT\u00c1RIO<\/td>\n<\/tr>\n<\/tbody>\n<\/table>\n<p><strong>\u00a0<\/strong><br \/>\n<strong>CLASSIFICA\u00c7\u00c3O GERAL &#8211; CARGO: T\u00c9CNICO EM <\/strong><strong>CONTABILIDADE<\/strong><br \/>\n<strong>\u00a0<\/strong><\/p>\n<table width=\"635\">\n<tbody>\n<tr>\n<td width=\"58\"><strong>INSC<\/strong><\/td>\n<td width=\"235\"><strong>NOME<\/strong><\/td>\n<td width=\"94\"><strong>DATA NASC<\/strong><\/td>\n<td width=\"58\"><strong>CLASS<\/strong><\/td>\n<td width=\"189\"><strong>CARGO<\/strong><\/td>\n<\/tr>\n<tr>\n<td width=\"58\">130181<\/td>\n<td width=\"235\">CARLOS ALBERTO POPOVITZ<\/td>\n<td width=\"94\">26\/05\/1979<\/td>\n<td width=\"58\">1<\/td>\n<td width=\"189\">T\u00c9CNICO EM CONTABILIDADE<\/td>\n<\/tr>\n<tr>\n<td width=\"58\">123251<\/td>\n<td width=\"235\">EDISON LUIZ CORREA<\/td>\n<td width=\"94\">15\/07\/1974<\/td>\n<td width=\"58\">2<\/td>\n<td width=\"189\">T\u00c9CNICO EM CONTABILIDADE<\/td>\n<\/tr>\n<tr>\n<td width=\"58\">125677<\/td>\n<td width=\"235\">ANA CAROLINA MORAIS DE SOUZA<\/td>\n<td width=\"94\">31\/12\/1992<\/td>\n<td width=\"58\">3<\/td>\n<td width=\"189\">T\u00c9CNICO EM CONTABILIDADE<\/td>\n<\/tr>\n<\/tbody>\n<\/table>\n<p><strong>\u00a0<\/strong><br \/>\n<strong>CLASSIFICA\u00c7\u00c3O GERAL &#8211; CARGO: <\/strong><strong>ADVOGADO<\/strong><br \/>\n<strong>\u00a0<\/strong><\/p>\n<table width=\"635\">\n<tbody>\n<tr>\n<td width=\"58\"><strong>INSC<\/strong><\/td>\n<td width=\"235\"><strong>NOME<\/strong><\/td>\n<td width=\"94\"><strong>DATA NASC<\/strong><\/td>\n<td width=\"58\"><strong>CLASS<\/strong><\/td>\n<td width=\"189\"><strong>CARGO<\/strong><\/td>\n<\/tr>\n<tr>\n<td width=\"58\">124177<\/td>\n<td width=\"235\">POLYANE DENOBI<\/td>\n<td width=\"94\">08\/04\/1982<\/td>\n<td width=\"58\">1<\/td>\n<td width=\"189\">ADVOGADO<\/td>\n<\/tr>\n<\/tbody>\n<\/table>\n<p><strong>\u00a0<\/strong><br \/>\n<strong>CLASSIFICA\u00c7\u00c3O GERAL &#8211; CARGO: <\/strong><strong>ASSISTENTE T\u00c9CNICO<\/strong><br \/>\n<strong>\u00a0<\/strong><\/p>\n<table width=\"635\">\n<tbody>\n<tr>\n<td width=\"58\"><strong>INSC<\/strong><\/td>\n<td width=\"235\"><strong>NOME<\/strong><\/td>\n<td width=\"94\"><strong>DATA NASC<\/strong><\/td>\n<td width=\"58\"><strong>CLASS<\/strong><\/td>\n<td width=\"189\"><strong>CARGO<\/strong><\/td>\n<\/tr>\n<tr>\n<td width=\"58\">122184<\/td>\n<td width=\"235\">AUGUSTO RAPHAEL DE OLIVEIRA<\/td>\n<td width=\"94\">20\/07\/1981<\/td>\n<td width=\"58\">1<\/td>\n<td width=\"189\">ASSISTENTE T\u00c9CNICO<\/td>\n<\/tr>\n<tr>\n<td width=\"58\">120095<\/td>\n<td width=\"235\">WILTON CHRIST SASTRE DE CARVALHO<\/td>\n<td width=\"94\">29\/01\/1983<\/td>\n<td width=\"58\">2<\/td>\n<td width=\"189\">ASSISTENTE T\u00c9CNICO<\/td>\n<\/tr>\n<\/tbody>\n<\/table>\n<p><strong>\u00a0<\/strong><br \/>\n<strong>CLASSIFICA\u00c7\u00c3O GERAL &#8211; CARGO: <\/strong><strong>CONTADOR<\/strong><br \/>\n<strong>\u00a0<\/strong><\/p>\n<table width=\"635\">\n<tbody>\n<tr>\n<td width=\"58\"><strong>INSC<\/strong><\/td>\n<td width=\"235\"><strong>NOME<\/strong><\/td>\n<td width=\"94\"><strong>DATA NASC<\/strong><\/td>\n<td width=\"58\"><strong>CLASS<\/strong><\/td>\n<td width=\"189\"><strong>CARGO<\/strong><\/td>\n<\/tr>\n<tr>\n<td width=\"58\">121273<\/td>\n<td width=\"235\">ANDERSON YOSHIO TANAKA<\/td>\n<td width=\"94\">08\/09\/1988<\/td>\n<td width=\"58\">1<\/td>\n<td width=\"189\">CONTADOR<\/td>\n<\/tr>\n<tr>\n<td width=\"58\">128146<\/td>\n<td width=\"235\">ELIANA MASSARENTE MAEDA<\/td>\n<td width=\"94\">31\/12\/1979<\/td>\n<td width=\"58\">2<\/td>\n<td width=\"189\">CONTADOR<\/td>\n<\/tr>\n<\/tbody>\n<\/table>\n<p><strong>\u00a0<\/strong><br \/>\n<strong>\u00a0<\/strong><br \/>\n<strong>\u00a0<\/strong><br \/>\n<strong>CLASSIFICA\u00c7\u00c3O GERAL &#8211; CARGO: <\/strong><strong>M\u00daSICO<\/strong><br \/>\n<strong>\u00a0<\/strong><\/p>\n<table width=\"635\">\n<tbody>\n<tr>\n<td width=\"58\"><strong>INSC<\/strong><\/td>\n<td width=\"235\"><strong>NOME<\/strong><\/td>\n<td width=\"85\"><strong>CARGO<\/strong><\/td>\n<td width=\"198\"><strong>INSTRUMENTO<\/strong><\/td>\n<td width=\"58\"><strong>CLASS<\/strong><\/td>\n<\/tr>\n<tr>\n<td width=\"58\">114362<\/td>\n<td width=\"235\">WILLIAM FERNANDO COSTA MACIEL DE SOUSA<\/td>\n<td width=\"85\">M\u00daSICO<\/td>\n<td width=\"198\">CLARINETE EM SI BEMOL<\/td>\n<td width=\"58\">1<\/td>\n<\/tr>\n<tr>\n<td width=\"58\">116174<\/td>\n<td width=\"235\">HELIDA LAGO OLMALCZUK CANTIDIANO PERES<\/td>\n<td width=\"85\">M\u00daSICO<\/td>\n<td width=\"198\">CLARINETE EM SI BEMOL<\/td>\n<td width=\"58\">2<\/td>\n<\/tr>\n<tr>\n<td width=\"58\">120116<\/td>\n<td width=\"235\">CIBELE OLMALCZUK DA CRUZ<\/td>\n<td width=\"85\">M\u00daSICO<\/td>\n<td width=\"198\">CLARINETE EM SI BEMOL<\/td>\n<td width=\"58\">3<\/td>\n<\/tr>\n<tr>\n<td width=\"58\">122032<\/td>\n<td width=\"235\">SARAH LU\u00cdSA PODMOWSKI<\/td>\n<td width=\"85\">M\u00daSICO<\/td>\n<td width=\"198\">PIANO<\/td>\n<td width=\"58\">1<\/td>\n<\/tr>\n<tr>\n<td width=\"58\">115348<\/td>\n<td width=\"235\">ROGER ANDREI CANDIDO<\/td>\n<td width=\"85\">M\u00daSICO<\/td>\n<td width=\"198\">SAXOFONE ALTO EM MI BEMOL<\/td>\n<td width=\"58\">1<\/td>\n<\/tr>\n<tr>\n<td width=\"58\">117138<\/td>\n<td width=\"235\">OZIEL GON\u00c7ALVES PEREIRA<\/td>\n<td width=\"85\">M\u00daSICO<\/td>\n<td width=\"198\">TROMBONE DE VARA<\/td>\n<td width=\"58\">1<\/td>\n<\/tr>\n<tr>\n<td width=\"58\">122026<\/td>\n<td width=\"235\">GESI TELMA IGNATOWICZ PODMOWSKI<\/td>\n<td width=\"85\">M\u00daSICO<\/td>\n<td width=\"198\">VIOLA CL\u00c1SSICA<\/td>\n<td width=\"58\">1<\/td>\n<\/tr>\n<tr>\n<td width=\"58\">116615<\/td>\n<td width=\"235\">LEYZA CHRISTINA DE\u00a0BARROS<\/td>\n<td width=\"85\">M\u00daSICO<\/td>\n<td width=\"198\">VIOLONCELO<\/td>\n<td width=\"58\">1<\/td>\n<\/tr>\n<tr>\n<td width=\"58\">121502<\/td>\n<td width=\"235\">LUCAS LONGO CAVALARO<\/td>\n<td width=\"85\">M\u00daSICO<\/td>\n<td width=\"198\">SAX TENOR<\/td>\n<td width=\"58\">1<\/td>\n<\/tr>\n<tr>\n<td width=\"58\">115650<\/td>\n<td width=\"235\">BRUNO COTRIM CARVALHO<\/td>\n<td width=\"85\">M\u00daSICO<\/td>\n<td width=\"198\">BATERIA<\/td>\n<td width=\"58\">1<\/td>\n<\/tr>\n<\/tbody>\n<\/table>\n<p><strong>\u00a0<\/strong><br \/>\n<strong>CLASSIFICA\u00c7\u00c3O GERAL &#8211; CARGO: PSIC\u00d3LOGO<\/strong><br \/>\n<strong>\u00a0<\/strong><\/p>\n<table width=\"633\">\n<tbody>\n<tr>\n<td width=\"62\"><strong>INSC<\/strong><\/td>\n<td width=\"241\"><strong>NOME<\/strong><\/td>\n<td width=\"95\"><strong>DATA NASC<\/strong><\/td>\n<td width=\"57\"><strong>CLASS<\/strong><\/td>\n<td width=\"180\"><strong>CARGO<\/strong><\/td>\n<\/tr>\n<tr>\n<td width=\"62\">115402<\/td>\n<td width=\"241\">FERNANDA DEO DA SILVA MAZZER<\/td>\n<td width=\"95\">03\/07\/1991<\/td>\n<td width=\"57\">7<\/td>\n<td width=\"180\">PSIC\u00d3LOGO<\/td>\n<\/tr>\n<\/tbody>\n<\/table>\n<p><strong>\u00a0<\/strong><br \/>\n<strong>CLASSIFICA\u00c7\u00c3O GERAL &#8211; CARGO: MOTORISTA DE VE\u00cdCULO PESADO <\/strong><br \/>\n<strong>\u00a0<\/strong><\/p>\n<table width=\"633\">\n<tbody>\n<tr>\n<td width=\"62\"><strong>INSC<\/strong><\/td>\n<td width=\"241\"><strong>NOME<\/strong><\/td>\n<td width=\"95\"><strong>DATA NASC<\/strong><\/td>\n<td width=\"57\"><strong>CLASS<\/strong><\/td>\n<td width=\"180\"><strong>CARGO<\/strong><\/td>\n<\/tr>\n<tr>\n<td width=\"62\">125879<\/td>\n<td width=\"241\">DAVI HENRIQUE DE CARVALHO<\/td>\n<td width=\"95\">20\/02\/1973<\/td>\n<td width=\"57\">15<\/td>\n<td width=\"180\">MOTORISTA DE VE\u00cdCULO PESADO<\/td>\n<\/tr>\n<tr>\n<td width=\"62\">114715<\/td>\n<td width=\"241\">PAULO GUILHEN REGIOLI<\/td>\n<td width=\"95\">15\/07\/1975<\/td>\n<td width=\"57\">16<\/td>\n<td width=\"180\">MOTORISTA DE VE\u00cdCULO PESADO<\/td>\n<\/tr>\n<tr>\n<td width=\"62\">116586<\/td>\n<td width=\"241\">MARCO ANTONIO HERNANDES<\/td>\n<td width=\"95\">08\/02\/1971<\/td>\n<td width=\"57\">17<\/td>\n<td width=\"180\">MOTORISTA DE VE\u00cdCULO PESADO<\/td>\n<\/tr>\n<tr>\n<td width=\"62\">128621<\/td>\n<td width=\"241\">FERNANDO HENRIQUE PARREIRA PEREIRA<\/td>\n<td width=\"95\">18\/05\/1987<\/td>\n<td width=\"57\">18<\/td>\n<td width=\"180\">MOTORISTA DE VE\u00cdCULO PESADO<\/td>\n<\/tr>\n<\/tbody>\n<\/table>\n<p><strong>\u00a0<\/strong><br \/>\n<strong>CLASSIFICA\u00c7\u00c3O AFRODESCENDENTE &#8211; CARGO: MOTORISTA DE VE\u00cdCULO PESADO<\/strong><br \/>\n<strong>\u00a0<\/strong><\/p>\n<table width=\"633\">\n<tbody>\n<tr>\n<td width=\"62\"><strong>INSC<\/strong><\/td>\n<td width=\"241\"><strong>NOME<\/strong><\/td>\n<td width=\"95\"><strong>DATA NASC<\/strong><\/td>\n<td width=\"57\"><strong>CLASS<\/strong><\/td>\n<td width=\"180\"><strong>CARGO<\/strong><\/td>\n<\/tr>\n<tr>\n<td width=\"62\"><em>121413<\/em><br \/>\n<strong>***<\/strong><\/td>\n<td width=\"241\"><em>ROG\u00c9RIO RODRIGUES DE MOURA<\/em><\/td>\n<td width=\"95\"><em>15\/05\/1986<\/em><\/td>\n<td width=\"57\"><em>2<\/em><\/td>\n<td width=\"180\"><em>MOTORISTA DE VE\u00cdCULO PESADO<\/em><\/td>\n<\/tr>\n<tr>\n<td width=\"62\">124481<\/td>\n<td width=\"241\">BRUNO CESAR DA SILVA<\/td>\n<td width=\"95\">26\/03\/1989<\/td>\n<td width=\"57\">3<\/td>\n<td width=\"180\">MOTORISTA DE VE\u00cdCULO PESADO<\/td>\n<\/tr>\n<\/tbody>\n<\/table>\n<p><strong>***CANDIDATO J\u00c1 CONVOCADO ATRAV\u00c9S DO EDITAL 011\/19, PELA LISTA DE AMPLA CONCORR\u00caNCIA \u2013 14\u00ba. COLOCADO.<\/strong><br \/>\n<strong>\u00a0<\/strong><br \/>\n<strong>\u00a0<\/strong><br \/>\n<strong>CLASSIFICA\u00c7\u00c3O GERAL &#8211; CARGO: OPER\u00c1RIO <\/strong><br \/>\n<strong>\u00a0<\/strong><\/p>\n<table width=\"633\">\n<tbody>\n<tr>\n<td width=\"62\"><strong>INSC<\/strong><\/td>\n<td width=\"241\"><strong>NOME<\/strong><\/td>\n<td width=\"95\"><strong>DATA NASC<\/strong><\/td>\n<td width=\"57\"><strong>CLASS<\/strong><\/td>\n<td width=\"180\"><strong>CARGO<\/strong><\/td>\n<\/tr>\n<tr>\n<td width=\"62\">119155<\/td>\n<td width=\"241\">JOSE VALDIR SZLACHTA<\/td>\n<td width=\"95\">17\/03\/1972<\/td>\n<td width=\"57\">17<\/td>\n<td width=\"180\">OPER\u00c1RIO<\/td>\n<\/tr>\n<tr>\n<td width=\"62\">127619<\/td>\n<td width=\"241\">ADILSON HRUBA<\/td>\n<td width=\"95\">13\/10\/1968<\/td>\n<td width=\"57\">18<\/td>\n<td width=\"180\">OPER\u00c1RIO<\/td>\n<\/tr>\n<tr>\n<td width=\"62\">121105<\/td>\n<td width=\"241\">IVAN CARLOS VIRMOND<\/td>\n<td width=\"95\">06\/11\/1979<\/td>\n<td width=\"57\">19<\/td>\n<td width=\"180\">OPER\u00c1RIO<\/td>\n<\/tr>\n<tr>\n<td width=\"62\">118001<\/td>\n<td width=\"241\">ALEXANDRE DA ROSA NUNES<\/td>\n<td width=\"95\">13\/01\/1977<\/td>\n<td width=\"57\">20<\/td>\n<td width=\"180\">OPER\u00c1RIO<\/td>\n<\/tr>\n<tr>\n<td width=\"62\">128970<\/td>\n<td width=\"241\">RENE RODRIGUES ROSETTI<\/td>\n<td width=\"95\">05\/01\/1992<\/td>\n<td width=\"57\">21<\/td>\n<td width=\"180\">OPER\u00c1RIO<\/td>\n<\/tr>\n<tr>\n<td width=\"62\">121121<\/td>\n<td width=\"241\">CARLOS EDUARDO VILSINSKI<\/td>\n<td width=\"95\">04\/02\/1981<\/td>\n<td width=\"57\">22<\/td>\n<td width=\"180\">OPER\u00c1RIO<\/td>\n<\/tr>\n<tr>\n<td width=\"62\">128809<\/td>\n<td width=\"241\">ADEMIR GOMES<\/td>\n<td width=\"95\">12\/04\/1986<\/td>\n<td width=\"57\">23<\/td>\n<td width=\"180\">OPER\u00c1RIO<\/td>\n<\/tr>\n<tr>\n<td width=\"62\">122084<\/td>\n<td width=\"241\">EDILSON CAVALARI GAIA<\/td>\n<td width=\"95\">16\/10\/1986<\/td>\n<td width=\"57\">24<\/td>\n<td width=\"180\">OPER\u00c1RIO<\/td>\n<\/tr>\n<tr>\n<td width=\"62\">130462<\/td>\n<td width=\"241\">DAVI PAULO FERREIRA<\/td>\n<td width=\"95\">20\/11\/1967<\/td>\n<td width=\"57\">25<\/td>\n<td width=\"180\">OPER\u00c1RIO<\/td>\n<\/tr>\n<tr>\n<td width=\"62\">118943<\/td>\n<td width=\"241\">SERGIO LUIZ DE MELLO JUNIOR<\/td>\n<td width=\"95\">11\/02\/1997<\/td>\n<td width=\"57\">26<\/td>\n<td width=\"180\">OPER\u00c1RIO<\/td>\n<\/tr>\n<tr>\n<td width=\"62\">127586<\/td>\n<td width=\"241\">RENATO SEVERINO DOS SANTOS<\/td>\n<td width=\"95\">04\/05\/1988<\/td>\n<td width=\"57\">27<\/td>\n<td width=\"180\">OPER\u00c1RIO<\/td>\n<\/tr>\n<tr>\n<td width=\"62\">128396<\/td>\n<td width=\"241\">RAFAEL LACERDA DA SILVA<\/td>\n<td width=\"95\">30\/10\/1988<\/td>\n<td width=\"57\">28<\/td>\n<td width=\"180\">OPER\u00c1RIO<\/td>\n<\/tr>\n<tr>\n<td width=\"62\">116260<\/td>\n<td width=\"241\">JULIANO HENRIQUE DE PAULA<\/td>\n<td width=\"95\">06\/09\/1984<\/td>\n<td width=\"57\">29<\/td>\n<td width=\"180\">OPER\u00c1RIO<\/td>\n<\/tr>\n<tr>\n<td width=\"62\">129226<\/td>\n<td width=\"241\">JEFERSON MARCONDES DE OLIVEIRA<\/td>\n<td width=\"95\">11\/12\/1983<\/td>\n<td width=\"57\">30<\/td>\n<td width=\"180\">OPER\u00c1RIO<\/td>\n<\/tr>\n<\/tbody>\n<\/table>\n<p><strong>\u00a0<\/strong><br \/>\n<strong>CLASSIFICA\u00c7\u00c3O AFRODESCENDENTE &#8211; CARGO: OPER\u00c1RIO<\/strong><br \/>\n<strong>\u00a0<\/strong><\/p>\n<table width=\"633\">\n<tbody>\n<tr>\n<td width=\"62\"><strong>INSC<\/strong><\/td>\n<td width=\"241\"><strong>NOME<\/strong><\/td>\n<td width=\"95\"><strong>DATA NASC<\/strong><\/td>\n<td width=\"57\"><strong>CLASS<\/strong><\/td>\n<td width=\"180\"><strong>CARGO<\/strong><\/td>\n<\/tr>\n<tr>\n<td width=\"62\">127586<\/td>\n<td width=\"241\">RENATO SEVERINO DOS SANTOS<\/td>\n<td width=\"95\">04\/05\/1988<\/td>\n<td width=\"57\">3<\/td>\n<td width=\"180\">OPER\u00c1RIO<\/td>\n<\/tr>\n<tr>\n<td width=\"62\">116260<\/td>\n<td width=\"241\">JULIANO HENRIQUE DE PAULA<\/td>\n<td width=\"95\">06\/09\/1984<\/td>\n<td width=\"57\">4<\/td>\n<td width=\"180\">OPER\u00c1RIO<\/td>\n<\/tr>\n<\/tbody>\n<\/table>\n<p><strong>\u00a0<\/strong><br \/>\n&nbsp;<\/p>\n","protected":false},"excerpt":{"rendered":"<p>Os convocados dever\u00e3o se apresentar no sal\u00e3o nobre da Prefeitura no dia 16 de julho, \u00e0s 9 horas. (Foto: Edson Denobi)<\/p>\n","protected":false},"author":4,"featured_media":24890,"comment_status":"closed","ping_status":"open","sticky":false,"template":"","format":"standard","meta":{"footnotes":""},"categories":[24],"tags":[],"class_list":["post-24888","post","type-post","status-publish","format-standard","has-post-thumbnail","hentry","category-noticias"],"acf":[],"_links":{"self":[{"href":"http:\/\/www.apucarana.pr.gov.br\/site\/wp-json\/wp\/v2\/posts\/24888","targetHints":{"allow":["GET"]}}],"collection":[{"href":"http:\/\/www.apucarana.pr.gov.br\/site\/wp-json\/wp\/v2\/posts"}],"about":[{"href":"http:\/\/www.apucarana.pr.gov.br\/site\/wp-json\/wp\/v2\/types\/post"}],"author":[{"embeddable":true,"href":"http:\/\/www.apucarana.pr.gov.br\/site\/wp-json\/wp\/v2\/users\/4"}],"replies":[{"embeddable":true,"href":"http:\/\/www.apucarana.pr.gov.br\/site\/wp-json\/wp\/v2\/comments?post=24888"}],"version-history":[{"count":1,"href":"http:\/\/www.apucarana.pr.gov.br\/site\/wp-json\/wp\/v2\/posts\/24888\/revisions"}],"predecessor-version":[{"id":100332,"href":"http:\/\/www.apucarana.pr.gov.br\/site\/wp-json\/wp\/v2\/posts\/24888\/revisions\/100332"}],"wp:featuredmedia":[{"embeddable":true,"href":"http:\/\/www.apucarana.pr.gov.br\/site\/wp-json\/"}],"wp:attachment":[{"href":"http:\/\/www.apucarana.pr.gov.br\/site\/wp-json\/wp\/v2\/media?parent=24888"}],"wp:term":[{"taxonomy":"category","embeddable":true,"href":"http:\/\/www.apucarana.pr.gov.br\/site\/wp-json\/wp\/v2\/categories?post=24888"},{"taxonomy":"post_tag","embeddable":true,"href":"http:\/\/www.apucarana.pr.gov.br\/site\/wp-json\/wp\/v2\/tags?post=24888"}],"curies":[{"name":"wp","href":"https:\/\/api.w.org\/{rel}","templated":true}]}}