{"id":2488,"date":"2015-01-12T17:30:00","date_gmt":"2015-01-12T17:30:00","guid":{"rendered":"http:\/\/172.16.0.7\/site-antigo\/?p=2488"},"modified":"2024-10-08T09:10:26","modified_gmt":"2024-10-08T12:10:26","slug":"festival-de-paraquedismo-abre-festividades-dos-71-anos-de-apucarana","status":"publish","type":"post","link":"http:\/\/www.apucarana.pr.gov.br\/site\/festival-de-paraquedismo-abre-festividades-dos-71-anos-de-apucarana\/","title":{"rendered":"Festival de paraquedismo abre festividades dos 71 anos de Apucarana"},"content":{"rendered":"<p><p><span style=\"letter-spacing: -0.02em; line-height: 1.45em; background-color: initial;\">Um grande p\u00fablico &#8211; cerca de 10 mil pessoas &#8211; prestigiou no \u00faltimo final de semana o 2\u00ba Festival de Paraquedismo de Apucarana, realizado no aeroporto Capit\u00e3o Jo\u00e3o Busse. Durante o evento que deu in\u00edcio a programa\u00e7\u00e3o festiva dos 71 anos de Apucarana, instrutores e saltadores do Clube de Paraquedismo Sky Diver&rsquo;s, de Arapongas, proporcionaram ao p\u00fablico saltos duplos e profissionais, al\u00e9m de v&ocirc;os de demonstra\u00e7\u00e3o.<\/span><\/p>\n<p>Um dos destaques da programa\u00e7\u00e3o de s\u00e1bado foi o salto comemorativo ao anivers\u00e1rio de Apucarana, com a maior bandeira brasileira do pa\u00eds, de 23 metros de largura por 15 metros de altura. J\u00e1 no domingo, as atividades foram complementadas com o passeio de bal\u00e3o (balonismo). &ldquo;Foi um grande festa que somou 150 saltos e mais de 60 v&ocirc;os de demonstra\u00e7\u00e3o com a participa\u00e7\u00e3o de pessoas interessadas em aprender t\u00e9cnica de paraquedismo&rdquo;, informa Luis Vieira, da Sky Diver&rsquo;s.<\/p>\n<p>Outra atra\u00e7\u00e3o ficou por conta da aula experimental do curso de piloto de recreio da Escola Alfa Bravo que funciona no aeroporto Jo\u00e3o Busse. Um grupo de Paramotor da regi\u00e3o prestigiou o festival com 25 aeronaves protagonizando v&ocirc;os de exibi\u00e7\u00e3o para o p\u00fablico. Outras seis aeronaves de ultraleves tamb\u00e9m aterrisaram no Jo\u00e3o Busse abrilhantando o evento. <\/p>\n<p><\/p>\n","protected":false},"excerpt":{"rendered":"<p>Evento movimentou o aeroporto Jo&atilde;o Busse no &uacute;ltimo final de semana <\/p>\n","protected":false},"author":4,"featured_media":0,"comment_status":"closed","ping_status":"closed","sticky":false,"template":"","format":"standard","meta":{"footnotes":""},"categories":[24],"tags":[],"class_list":["post-2488","post","type-post","status-publish","format-standard","hentry","category-noticias"],"acf":[],"_links":{"self":[{"href":"http:\/\/www.apucarana.pr.gov.br\/site\/wp-json\/wp\/v2\/posts\/2488","targetHints":{"allow":["GET"]}}],"collection":[{"href":"http:\/\/www.apucarana.pr.gov.br\/site\/wp-json\/wp\/v2\/posts"}],"about":[{"href":"http:\/\/www.apucarana.pr.gov.br\/site\/wp-json\/wp\/v2\/types\/post"}],"author":[{"embeddable":true,"href":"http:\/\/www.apucarana.pr.gov.br\/site\/wp-json\/wp\/v2\/users\/4"}],"replies":[{"embeddable":true,"href":"http:\/\/www.apucarana.pr.gov.br\/site\/wp-json\/wp\/v2\/comments?post=2488"}],"version-history":[{"count":1,"href":"http:\/\/www.apucarana.pr.gov.br\/site\/wp-json\/wp\/v2\/posts\/2488\/revisions"}],"predecessor-version":[{"id":104391,"href":"http:\/\/www.apucarana.pr.gov.br\/site\/wp-json\/wp\/v2\/posts\/2488\/revisions\/104391"}],"wp:attachment":[{"href":"http:\/\/www.apucarana.pr.gov.br\/site\/wp-json\/wp\/v2\/media?parent=2488"}],"wp:term":[{"taxonomy":"category","embeddable":true,"href":"http:\/\/www.apucarana.pr.gov.br\/site\/wp-json\/wp\/v2\/categories?post=2488"},{"taxonomy":"post_tag","embeddable":true,"href":"http:\/\/www.apucarana.pr.gov.br\/site\/wp-json\/wp\/v2\/tags?post=2488"}],"curies":[{"name":"wp","href":"https:\/\/api.w.org\/{rel}","templated":true}]}}