{"id":2487,"date":"2015-01-12T12:08:00","date_gmt":"2015-01-12T12:08:00","guid":{"rendered":"http:\/\/172.16.0.7\/site-antigo\/?p=2487"},"modified":"2024-10-08T09:10:26","modified_gmt":"2024-10-08T12:10:26","slug":"sorteio-define-endereco-dos-futuros-moradores-do-residencial-jacana","status":"publish","type":"post","link":"http:\/\/www.apucarana.pr.gov.br\/site\/sorteio-define-endereco-dos-futuros-moradores-do-residencial-jacana\/","title":{"rendered":"Sorteio define endere\u00e7o dos futuros moradores do Residencial Ja\u00e7an\u00e3"},"content":{"rendered":"<\/p>\n<p>&ldquo;Esse \u00e9 o maior dia da minha vida&rdquo;, resume Quit\u00e9ria dos Santos, ao conhecer a quadra, o lote e a rua onde ir\u00e1 morar no Residencial Ja\u00e7an\u00e3, localizado pr\u00f3ximo ao Jardim Colonial. Quit\u00e9ria, que sofreu paralisia infantil e se locomove com o aux\u00edlio de uma cadeira de rodas, foi contemplada com uma casa adaptada para portadores de necessidades especiais. O sorteio do local onde cada um dos 300 selecionados do empreendimento habitacional vai morar ocorreu nesta segunda-feira (12\/01), no gin\u00e1sio de esportes do Servi\u00e7o Social do Com\u00e9rcio (Sesc).<\/p>\n<p>Das 300 unidades constru\u00eddas atrav\u00e9s do Programa Minha Casa, Minha Vida, 9 s\u00e3o destinadas a portadores de necessidades especiais e outras 9 para idosos. &ldquo;Cresci em cima de uma cadeira de rodas e nunca tive uma casa adaptada para minhas necessidades. Era um sofrimento para usar banheiro ou entrar no quarto. A casa onde vou morar agora \u00e9 do jeito que eu sempre sonhei&rdquo;, conta Quit\u00e9ria, que atualmente mora em im\u00f3vel alugado no Jardim Marissol. No dia 30 de janeiro, quando o Residencial Ja\u00e7an\u00e3 ser\u00e1 inaugurado, Quit\u00e9ria se mudar\u00e1 para o lote 15, da quadra 12, na Rua Ant&ocirc;nio Vicente Boava.<\/p>\n<p>O prefeito de Apucarana, Beto Preto, esteve no local e fez o sorteio dos primeiros contemplados atrav\u00e9s de um software da Caixa Econ&ocirc;mica Federal. &ldquo;&Eacute; um momento de expectativa e de emo\u00e7\u00e3o. Muitas pessoas esperam por 20, 30, 40, 50 anos ou mais para realizar o sonho da casa pr\u00f3pria. Desejo que Deus aben\u00e7oe as fam\u00edlias e a nossa administra\u00e7\u00e3o, para que possamos buscar mais casas, diminuindo ainda mais a dor pela espera&rdquo;, ressalta Beto Preto, lembrando que, com o Residencial Ja\u00e7an\u00e3, a atual administra\u00e7\u00e3o ter\u00e1 entregue 1.300 casas e que a meta \u00e9 chegar a 4 mil moradias at\u00e9 o final do mandato. <\/p>\n<p>Beto Preto solicitou que as fam\u00edlias beneficiadas construam um ambiente de conviv\u00eancia positivo no bairro, com a preval\u00eancia da cordialidade e da solidariedade. &ldquo;Voc\u00eas saem daqui sabendo quem vai ser o vizinho, quem vai morar na rua e como vai ser o novo bairro. Fa\u00e7am do Residencial Ja\u00e7an\u00e3 um local de acolhida, em que voc\u00eas possam um ajudar o outro&rdquo;, pontuou Beto Preto, informando que as estruturas complementares, como escola, centro de educa\u00e7\u00e3o infantil, unidade b\u00e1sica de sa\u00fade e centro de refer\u00eancia da assist\u00eancia social dever\u00e3o ser entregues em mar\u00e7o. <\/p>\n<p>O sorteio contou ainda com a participa\u00e7\u00e3o do vice-prefeito de Apucarana, Sebasti\u00e3o Ferreira Martins Junior (Junior da Femac), da secret\u00e1ria municipal de Assist\u00eancia Social, M\u00e1rcia Regina de Souza, e do engenheiro Jos\u00e9 Francisco Doniak, propriet\u00e1rio da construtora respons\u00e1vel pela edifica\u00e7\u00e3o do Ja\u00e7an\u00e3, al\u00e9m de representantes da Caixa Econ&ocirc;mica Federal.<\/p>\n<p>Os primeiros sorteados foram Pedro Gomes de Barros, Maria Prestes da Silva e Olga Lepre. &ldquo;Moro num pensionato, onde alugo um quarto por R$ 250. Sonho com a casa h\u00e1 mais de 30 anos. Estou muito feliz e emocionada. Quero agradecer ao prefeito Beto Preto e \u00e0 presidenta Dilma por estarem me proporcionando tudo isso&rdquo;, afirma Olga Lepre, que tem 67 anos.<\/p>\n<p>O vice-prefeito de Apucarana, Junior da Femac, destacou os investimentos feitos e a qualidade da obra. &ldquo;As casas t\u00eam 41,73 m&sup2; de \u00e1rea constru\u00edda e contam com sala, cozinha, 2 quartos e banheiro. O projeto inclui ainda obras de infraestrutura, como drenagem de \u00e1gua pluvial, rede coletora de esgoto, pavimenta\u00e7\u00e3o asf\u00e1ltica, meio fio e passeio em concreto.Al\u00e9m disso, as casas foram constru\u00eddas com laje, fator que vai garantir conforto t\u00e9rmico aos moradores&rdquo;, observa Junior da Femac.<\/p>\n<p>De acordo com o vice-prefeito, o custo total do empreendimento \u00e9 de aproximadamente R$ 20 milh\u00f5es, sendo R$ 18 milh\u00f5es do Fundo de Arrendamento Residencial (FAR\/Governo Federal), R$ 1,2 milh\u00e3o do Governo do Estado (Cohapar e R$ 636 mil referentes a padr\u00f5es de energia (Copel) e rede de \u00e1gua da Sanepar. &ldquo;S\u00e3o moradias subsidiadas, nas quais as fam\u00edlias ir\u00e3o arcar com uma presta\u00e7\u00e3o mensal de R$ 25 a R$ 80 por um per\u00edodo de 10 anos&rdquo;, completa Junior da Femac. <\/p>\n<p><b>Pr\u00f3ximos encontros agendados para as <\/b><\/p>\n<p><b>fam\u00edlias selecionadas para o Residencial Ja\u00e7an\u00e3:<\/b><\/p>\n<p>&#8211; Entre os dias 14 e 20 de janeiro ser\u00e1 o per\u00edodo da visita de vistorias no im\u00f3vel, quando ser\u00e3o agendadas 50 fam\u00edlias por dia.<\/p>\n<p>&#8211; Nos dias 26 e 27 acontecer\u00e1 a assinatura dos contratos, em local a ser definido.<\/p>\n<p>&#8211; No dia 30 de janeiro, \u00e0s 9h30, ser\u00e1 a inaugura\u00e7\u00e3o do Ja\u00e7an\u00e3, com entrega das chaves aos moradores.<\/p>\n<p><\/p>\n","protected":false},"excerpt":{"rendered":"<p>Os 300 contemplados ficaram sabendo a quadra, o lote e a rua onde ir&atilde;o morar<\/p>\n","protected":false},"author":4,"featured_media":0,"comment_status":"closed","ping_status":"closed","sticky":false,"template":"","format":"standard","meta":{"footnotes":""},"categories":[24],"tags":[],"class_list":["post-2487","post","type-post","status-publish","format-standard","hentry","category-noticias"],"acf":[],"_links":{"self":[{"href":"http:\/\/www.apucarana.pr.gov.br\/site\/wp-json\/wp\/v2\/posts\/2487","targetHints":{"allow":["GET"]}}],"collection":[{"href":"http:\/\/www.apucarana.pr.gov.br\/site\/wp-json\/wp\/v2\/posts"}],"about":[{"href":"http:\/\/www.apucarana.pr.gov.br\/site\/wp-json\/wp\/v2\/types\/post"}],"author":[{"embeddable":true,"href":"http:\/\/www.apucarana.pr.gov.br\/site\/wp-json\/wp\/v2\/users\/4"}],"replies":[{"embeddable":true,"href":"http:\/\/www.apucarana.pr.gov.br\/site\/wp-json\/wp\/v2\/comments?post=2487"}],"version-history":[{"count":1,"href":"http:\/\/www.apucarana.pr.gov.br\/site\/wp-json\/wp\/v2\/posts\/2487\/revisions"}],"predecessor-version":[{"id":104392,"href":"http:\/\/www.apucarana.pr.gov.br\/site\/wp-json\/wp\/v2\/posts\/2487\/revisions\/104392"}],"wp:attachment":[{"href":"http:\/\/www.apucarana.pr.gov.br\/site\/wp-json\/wp\/v2\/media?parent=2487"}],"wp:term":[{"taxonomy":"category","embeddable":true,"href":"http:\/\/www.apucarana.pr.gov.br\/site\/wp-json\/wp\/v2\/categories?post=2487"},{"taxonomy":"post_tag","embeddable":true,"href":"http:\/\/www.apucarana.pr.gov.br\/site\/wp-json\/wp\/v2\/tags?post=2487"}],"curies":[{"name":"wp","href":"https:\/\/api.w.org\/{rel}","templated":true}]}}