{"id":2486,"date":"2015-01-09T18:45:00","date_gmt":"2015-01-09T18:45:00","guid":{"rendered":"http:\/\/172.16.0.7\/site-antigo\/?p=2486"},"modified":"2024-10-08T09:10:26","modified_gmt":"2024-10-08T12:10:26","slug":"apucarana-abre-hoje-festival-de-paraquedismo","status":"publish","type":"post","link":"http:\/\/www.apucarana.pr.gov.br\/site\/apucarana-abre-hoje-festival-de-paraquedismo\/","title":{"rendered":"Apucarana abre hoje festival de paraquedismo"},"content":{"rendered":"<p><p><span style=\"letter-spacing: -0.02em; line-height: 1.45em; background-color: initial;\">A programa\u00e7\u00e3o comemorativa ao 71\u00ba anivers\u00e1rio de Apucarana ser\u00e1 aberta hoje com a 2\u00aa edi\u00e7\u00e3o do Festival de Paraquedismo. O Aeroporto Capit\u00e3o Jo\u00e3o Busse vai receber paraquedistas profissionais e tamb\u00e9m aventureiros que desejarem experimentar a emo\u00e7\u00e3o da queda livre. Os interessados em fazer saltos duplos, na companhia de instrutores do Clube de Paraquedismo Sky Diver&acute;s poder\u00e3o se inscrever no local. Os saltos poder\u00e3o ser feitos hoje e amanh\u00e3 das 9 \u00e0s 20 horas.<\/span><\/p>\n<p>Em janeiro de 2014 o festival levou cerca de 10 mil pessoas ao aeroporto. &ldquo;Trata-se de uma oportunidade \u00fanica para os interessados em fazer saltos duplos. Quem preferir agendar com anteced\u00eancia pode fazer sua inscri\u00e7\u00e3o pelos telefones (43) 99728558 ou 30554729, contatando o instrutor Luis Vieira, da Sky Diver&rsquo;s.<\/p>\n<p>Neste ano o festival tamb\u00e9m ter\u00e1 a op\u00e7\u00e3o de passeios de bal\u00e3o (balonismo). A atra\u00e7\u00e3o ser\u00e1 confirmada dependendo do n\u00famero de agendamento pr\u00e9vio para o passeio, atrav\u00e9s dos mesmos telefones. O grupo do Sky Diver&acute;s utilizar\u00e1 uma aeronave Cessna-182 de asas altas, para quatro saltadores. Tamb\u00e9m estar\u00e1 \u00e0 disposi\u00e7\u00e3o um turbo h\u00e9lice 195, para seis saltadores.<\/p>\n<p>Nos dois dias do evento do ano passado foram realizadas 20 decolagens para atender o agendamento de 80 saltos duplos. Agora a previs\u00e3o \u00e9 de ao menos cem saltos duplos e individuais &ndash; pelos instrutores e paraquedistas mais experientes.<br \/> Na programa\u00e7\u00e3o de hoje est\u00e1 previsto &#8211; para as 14 horas &#8211; um salto comemorativo ao anivers\u00e1rio de Apucarana, com a maior bandeira brasileira do pa\u00eds, de 23 metros de largura por 15 metros de altura. Os pousos dos saltadores acontecer\u00e3o num gramado ao lado da pista do aeroporto. Neste ano foi reservado um espa\u00e7o diferenciado e maior para o p\u00fablico, inclusive com uma pra\u00e7a de alimenta\u00e7\u00e3o, com mais de 10 barracas e um restaurante.<\/p>\n<p>Outra atra\u00e7\u00e3o prevista para o festival \u00e9 a presen\u00e7a de pilotos ligados a v\u00e1rios aeroclubes da regi\u00e3o e do pa\u00eds. &ldquo;Em 2014 muitos atenderam o nosso convite e vieram com suas aeronaves para exposi\u00e7\u00e3o no aeroporto. Neste ano, os 20 primeiros que chegarem voando, tanto no s\u00e1bado como no domingo, v\u00e3o ganhar o almo\u00e7o no restaurante que ser\u00e1 montado no local&rdquo;, anuncia Vieira.Saiba tudo sobre o grupo Skydivers, com fotos e v\u00eddeos no site<a href=\"http:\/\/www.apucarana.pr.gov.br\/noticias\/1029\/www.skydivers.com.br\"><b><span>www.skydivers.com.br<\/span><\/b><\/a>.<\/p>\n<p><\/p>\n","protected":false},"excerpt":{"rendered":"<p>Evento oferece saltos duplos acompanhados de instrutores no Aeroporto Capit&atilde;o Jo&atilde;o Busse<\/p>\n","protected":false},"author":4,"featured_media":0,"comment_status":"closed","ping_status":"closed","sticky":false,"template":"","format":"standard","meta":{"footnotes":""},"categories":[24],"tags":[],"class_list":["post-2486","post","type-post","status-publish","format-standard","hentry","category-noticias"],"acf":[],"_links":{"self":[{"href":"http:\/\/www.apucarana.pr.gov.br\/site\/wp-json\/wp\/v2\/posts\/2486","targetHints":{"allow":["GET"]}}],"collection":[{"href":"http:\/\/www.apucarana.pr.gov.br\/site\/wp-json\/wp\/v2\/posts"}],"about":[{"href":"http:\/\/www.apucarana.pr.gov.br\/site\/wp-json\/wp\/v2\/types\/post"}],"author":[{"embeddable":true,"href":"http:\/\/www.apucarana.pr.gov.br\/site\/wp-json\/wp\/v2\/users\/4"}],"replies":[{"embeddable":true,"href":"http:\/\/www.apucarana.pr.gov.br\/site\/wp-json\/wp\/v2\/comments?post=2486"}],"version-history":[{"count":1,"href":"http:\/\/www.apucarana.pr.gov.br\/site\/wp-json\/wp\/v2\/posts\/2486\/revisions"}],"predecessor-version":[{"id":104393,"href":"http:\/\/www.apucarana.pr.gov.br\/site\/wp-json\/wp\/v2\/posts\/2486\/revisions\/104393"}],"wp:attachment":[{"href":"http:\/\/www.apucarana.pr.gov.br\/site\/wp-json\/wp\/v2\/media?parent=2486"}],"wp:term":[{"taxonomy":"category","embeddable":true,"href":"http:\/\/www.apucarana.pr.gov.br\/site\/wp-json\/wp\/v2\/categories?post=2486"},{"taxonomy":"post_tag","embeddable":true,"href":"http:\/\/www.apucarana.pr.gov.br\/site\/wp-json\/wp\/v2\/tags?post=2486"}],"curies":[{"name":"wp","href":"https:\/\/api.w.org\/{rel}","templated":true}]}}