{"id":2485,"date":"2015-01-09T17:30:59","date_gmt":"2015-01-09T17:30:59","guid":{"rendered":"http:\/\/172.16.0.7\/site-antigo\/?p=2485"},"modified":"2024-10-08T09:10:26","modified_gmt":"2024-10-08T12:10:26","slug":"familias-do-jacana-participam-de-reuniao-tecnica","status":"publish","type":"post","link":"http:\/\/www.apucarana.pr.gov.br\/site\/familias-do-jacana-participam-de-reuniao-tecnica\/","title":{"rendered":"Fam\u00edlias do Ja\u00e7an\u00e3 participam de reuni\u00e3o t\u00e9cnica"},"content":{"rendered":"<p><p><span style=\"letter-spacing: -0.02em; line-height: 1.45em; background-color: initial;\">As 300 fam\u00edlias selecionadas para receber casa do Residencial Ja\u00e7an\u00e3, em Apucarana, lotaram ontem (8) o Cine Teatro F\u00eanix para participar da reuni\u00e3o de orienta\u00e7\u00e3o t\u00e9cnica. Primeiro da s\u00e9rie de encontros que devem cumprir at\u00e9 o dia, 30 de janeiro, em que ir\u00e3o receber as chaves de suas casas, os futuros moradores do empreendimento n\u00e3o escondiam a emo\u00e7\u00e3o e alegria de ter realizado o sonho da casa pr\u00f3pria.<\/span><\/p>\n<p>Na noite de ontem, as fam\u00edlias receberam informa\u00e7\u00f5es sobre a forma de contrata\u00e7\u00e3o e pagamento do financiamento, da conserva\u00e7\u00e3o do im\u00f3vel e escritura\u00e7\u00e3o. <span>O Residencial Jacan\u00e3, pr\u00f3ximo ao Jardim Colonial, possui 300 casas, com a \u00e1rea constru\u00edda de 41,73 m&sup2;, sendo 9 casas para portadores de necessidades especiais e outras 9 para idosos. <\/span><\/p>\n<p>As moradias contam com sala, cozinha, 2 quartos e banheiro. O custo total do empreendimento \u00e9 de aproximadamente R$ 20 milh\u00f5es, sendo R$ 18 milh\u00f5es do Fundo de Arrendamento Residencial (FAR\/Governo Federal); R$ 1,2 milh\u00e3o do Governo do Estado (Cohapar); e R$ 636 mil referentes a padr\u00f5es de energia (Copel), e rede de \u00e1gua da Sanepar. O projeto inclui ainda obras de infraestrutura, como drenagem de \u00e1gua pluvial, rede coletora de esgoto, pavimenta\u00e7\u00e3o asf\u00e1ltica, meio fio e passeio em concreto.<\/p>\n<p>Ao destacar a qualidade da obra, o prefeito Beto Preto lembrou, entre outros detalhes, que as casas foram constru\u00eddas com laje, fator essencial para garantir conforto t\u00e9rmico os moradores tanto no inverno como no ver\u00e3o. &ldquo;S\u00e3o moradias subsidiadas, nas quais as fam\u00edlias ir\u00e3o arcar com uma presta\u00e7\u00e3o mensal de R$ 25 a R$ 80 por um per\u00edodo de apenas 10 anos&rdquo;, explica o prefeito.<\/p>\n<p>Presente na reuni\u00e3o, o engenheiro Jos\u00e9 Francisco Doniak, da Construtora Bizantina, respons\u00e1vel pela edifica\u00e7\u00e3o do Ja\u00e7an\u00e3, prestou orienta\u00e7\u00f5es sobre o funcionamento do sistema de aquecimento solar instalado nas resid\u00eancias. Doniak destacou tamb\u00e9m o tamanho do terreno no residencial, com m\u00e9dia de 150 metros quadros, mas que podem chegar a 300 metros quadros, possibilitando a amplia\u00e7\u00e3o da resid\u00eancia. <\/p>\n<p>O prefeito Beto Preto reafirmou seu compromisso de atender o maior n\u00famero poss\u00edvel de fam\u00edlias que ainda precisam de moradia, lembrando prop\u00f3sito de construir 4 mil casas em seu mandato. &ldquo;Cada dia que temos a oportunidade de falar sobre a entrega de mais casas, a emo\u00e7\u00e3o toma conta. Com o Ja\u00e7an\u00e3 entregamos 1,3 mil casas. At\u00e9 o final do ano ser\u00e3o mais 520 no Residencial Fariz Gebrim e depois mais 480; 591 no Jardim Barcelona e outras 500 no Residencial Solo Sagrado. Estamos virando a p\u00e1gina do atraso habitacional no munic\u00edpio, dando oportunidade da casa pr\u00f3pria a todos cidad\u00e3os que constroem essa cidade&rdquo;, destacou Beto Preto.<\/p>\n<p><b>Pr\u00f3ximos encontros agendados para as fam\u00edlias selecionadas para o Residencial Ja\u00e7an\u00e3:<\/b><\/p>\n<p>&#8211; Segunda-feira, dia 12, a partir das 8 horas, gin\u00e1sio do Sesc, ser\u00e1 realizado o sorteio <span>de lotes e quadras entre as trezentas fam\u00edlias que ser\u00e3o contempladas com casas do Residencial Ja\u00e7an\u00e3.<\/span><\/p>\n<p>&#8211; Entre os dias 14 e 20 de janeiro ser\u00e1 o per\u00edodo da visita de vistorias no im\u00f3vel, quando ser\u00e3o agendadas 50 fam\u00edlias por dia.<\/p>\n<p>&#8211; Nos dias 26 e 27 acontecer\u00e1 a assinatura dos contratos, em local a ser definido. <\/p>\n<p>&#8211; No dia 30 de janeiro, \u00e0s 9h30, ser\u00e1 a inaugura\u00e7\u00e3o do Ja\u00e7an\u00e3, com entrega das chaves aos moradores.<\/p>\n<p><\/p>\n","protected":false},"excerpt":{"rendered":"<p>Na pr&oacute;xima segunda-feira futuros moradores v&atilde;o conhecer os lotes em que ir&atilde;o morar<\/p>\n","protected":false},"author":4,"featured_media":0,"comment_status":"closed","ping_status":"closed","sticky":false,"template":"","format":"standard","meta":{"footnotes":""},"categories":[24],"tags":[],"class_list":["post-2485","post","type-post","status-publish","format-standard","hentry","category-noticias"],"acf":[],"_links":{"self":[{"href":"http:\/\/www.apucarana.pr.gov.br\/site\/wp-json\/wp\/v2\/posts\/2485","targetHints":{"allow":["GET"]}}],"collection":[{"href":"http:\/\/www.apucarana.pr.gov.br\/site\/wp-json\/wp\/v2\/posts"}],"about":[{"href":"http:\/\/www.apucarana.pr.gov.br\/site\/wp-json\/wp\/v2\/types\/post"}],"author":[{"embeddable":true,"href":"http:\/\/www.apucarana.pr.gov.br\/site\/wp-json\/wp\/v2\/users\/4"}],"replies":[{"embeddable":true,"href":"http:\/\/www.apucarana.pr.gov.br\/site\/wp-json\/wp\/v2\/comments?post=2485"}],"version-history":[{"count":1,"href":"http:\/\/www.apucarana.pr.gov.br\/site\/wp-json\/wp\/v2\/posts\/2485\/revisions"}],"predecessor-version":[{"id":104394,"href":"http:\/\/www.apucarana.pr.gov.br\/site\/wp-json\/wp\/v2\/posts\/2485\/revisions\/104394"}],"wp:attachment":[{"href":"http:\/\/www.apucarana.pr.gov.br\/site\/wp-json\/wp\/v2\/media?parent=2485"}],"wp:term":[{"taxonomy":"category","embeddable":true,"href":"http:\/\/www.apucarana.pr.gov.br\/site\/wp-json\/wp\/v2\/categories?post=2485"},{"taxonomy":"post_tag","embeddable":true,"href":"http:\/\/www.apucarana.pr.gov.br\/site\/wp-json\/wp\/v2\/tags?post=2485"}],"curies":[{"name":"wp","href":"https:\/\/api.w.org\/{rel}","templated":true}]}}