{"id":2483,"date":"2015-01-08T17:10:59","date_gmt":"2015-01-08T17:10:59","guid":{"rendered":"http:\/\/172.16.0.7\/site-antigo\/?p=2483"},"modified":"2024-10-08T09:10:26","modified_gmt":"2024-10-08T12:10:26","slug":"vice-prefeito-recepciona-novo-comandante-do-30-bimec","status":"publish","type":"post","link":"http:\/\/www.apucarana.pr.gov.br\/site\/vice-prefeito-recepciona-novo-comandante-do-30-bimec\/","title":{"rendered":"Vice-prefeito recepciona novo comandante do 30\u00ba BIMec"},"content":{"rendered":"<\/p>\n<p><span style=\"letter-spacing: -0.02em; line-height: 1.45em; background-color: initial;\">O 30\u00ba Batalh\u00e3o de Infantaria Mecanizado (BIMec) ter\u00e1 um novo comandante em 2015. A solenidade de passagem de comando vai acontecer no dia 15 de janeiro, \u00e0s 20h30, na sede da unidade local do Ex\u00e9rcito. O coronel Marcio Luiz Passos Tib\u00e9rio, que ficou dois anos \u00e0 frente do 30\u00ba BIMec, passar\u00e1 o comando ao tenente-coronel Ricardo Tadeu Fiamoncini. Nesta quinta-feira (08\/01), os dois estiveram no gabinete municipal para comunicar a mudan\u00e7a, quando foram recepcionados pelo vice-prefeito Sebasti\u00e3o Ferreira Martins Junior (Junior da Femac), que no ato representou o prefeito de Apucarana, Beto Preto.<\/span><\/p>\n<p>A visita contou ainda com a presen\u00e7a do presidente do Legislativo, Jos\u00e9 Airton Deco de Ara\u00fajo, e dos vereadores Vladimir Jos\u00e9 da Silva e Jos\u00e9 Eduardo Antoniassi, al\u00e9m dos secret\u00e1rios municipais de Gest\u00e3o P\u00fablica, Nikolai Cernescu Junior, de Fazenda, Marcello Machado, procurador jur\u00eddico do Munic\u00edpio, Paulo Vital, e do assessor do gabinete municipal, Ednei Mansano.<\/p>\n<p>Junior da Femac agradeceu o trabalho desenvolvido pelo coronel Tib\u00e9rio e deu as boas vindas ao novo comandante, fazendo um breve resumo das principais caracter\u00edsticas da cidade. &ldquo;Durante o per\u00edodo em que o coronel Tib\u00e9rio esteve \u00e0 frente do batalh\u00e3o houve grandes parcerias com a Prefeitura e j\u00e1 estamos saudosos do estilo de comando integrado com a comunidade. Estamos recebendo agora o tenente-coronel Fiamoncini, que j\u00e1 demonstrou que tem conhecimento da cidade e que com certeza vai fazer um grande trabalho em Apucarana&rdquo;, frisa Junior da Femac, afirmando que a Prefeitura estar\u00e1 junto e apoiar\u00e1 todas as a\u00e7\u00f5es do 30\u00ba BIMec. &ldquo;&Eacute; uma unidade do Ex\u00e9rcito que \u00e9 refer\u00eancia, que nos orgulha e faz parte da identidade de Apucarana&rdquo;, completa o vice-prefeito.<\/p>\n<p>Natural de Blumenau (SC), o tenente-coronel Fiamoncini \u00e9 formado pela Academia Militar das Agulhas Negras, institui\u00e7\u00e3o localizada no estado do Rio de Janeiro. Fiamoncini \u00e9 casado, tem duas filhas e est\u00e1 h\u00e1 28 anos no Ex\u00e9rcito. Atualmente, trabalhava no gabinete do Comando do Ex\u00e9rcito, em Bras\u00edlia. &ldquo;Durante os 28 anos de efetivo servi\u00e7o, tive a oportunidade de conhecer o Brasil, trabalhando nas regi\u00f5es Norte, Nordeste, Centro-oeste, Sudeste e Sul. Fui muito bem recebido aqui em Apucarana, que \u00e9 uma cidade acolhedora. &Eacute; um valor que se perdeu nas cidades grandes e que a gente logo sente&rdquo;, ressalta Fiamoncini.<\/p>\n<p>O coronel Tib\u00e9rio afirma que foi uma honra e uma satisfa\u00e7\u00e3o ter comandado o 30\u00ba BIMec, citando miss\u00f5es recentes, como o envio de 153 militares da unidade de Apucarana para o Complexo de Favelas da Mar\u00e9, no Rio de Janeiro. &ldquo;Foi uma honra e uma grande satisfa\u00e7\u00e3o ter comandado o 30\u00ba BIMec. Quero agradecer \u00e0 equipe que sempre esteve junto nas miss\u00f5es que foram incumbidas, os amigos, as autoridades, a popula\u00e7\u00e3o de Apucarana que \u00e9 muito receptiva e acolhedora. Levaremos tudo isso em nossos cora\u00e7\u00f5es&rdquo;, afirma Tib\u00e9rio, que est\u00e1 sendo transferido para o Centro de Comunica\u00e7\u00e3o Social do Ex\u00e9rcito, \u00f3rg\u00e3o subordinado ao gabinete do Comando do Ex\u00e9rcito, em Bras\u00edlia. <\/p>\n<p><\/p>\n","protected":false},"excerpt":{"rendered":"<p>Coronel Marcio Luiz Passos Tib&eacute;rio passar&aacute; o comando ao tenente-coronel Ricardo Tadeu  Fiamoncini no pr&oacute;ximo dia 15<\/p>\n","protected":false},"author":4,"featured_media":0,"comment_status":"closed","ping_status":"closed","sticky":false,"template":"","format":"standard","meta":{"footnotes":""},"categories":[24],"tags":[],"class_list":["post-2483","post","type-post","status-publish","format-standard","hentry","category-noticias"],"acf":[],"_links":{"self":[{"href":"http:\/\/www.apucarana.pr.gov.br\/site\/wp-json\/wp\/v2\/posts\/2483","targetHints":{"allow":["GET"]}}],"collection":[{"href":"http:\/\/www.apucarana.pr.gov.br\/site\/wp-json\/wp\/v2\/posts"}],"about":[{"href":"http:\/\/www.apucarana.pr.gov.br\/site\/wp-json\/wp\/v2\/types\/post"}],"author":[{"embeddable":true,"href":"http:\/\/www.apucarana.pr.gov.br\/site\/wp-json\/wp\/v2\/users\/4"}],"replies":[{"embeddable":true,"href":"http:\/\/www.apucarana.pr.gov.br\/site\/wp-json\/wp\/v2\/comments?post=2483"}],"version-history":[{"count":1,"href":"http:\/\/www.apucarana.pr.gov.br\/site\/wp-json\/wp\/v2\/posts\/2483\/revisions"}],"predecessor-version":[{"id":104396,"href":"http:\/\/www.apucarana.pr.gov.br\/site\/wp-json\/wp\/v2\/posts\/2483\/revisions\/104396"}],"wp:attachment":[{"href":"http:\/\/www.apucarana.pr.gov.br\/site\/wp-json\/wp\/v2\/media?parent=2483"}],"wp:term":[{"taxonomy":"category","embeddable":true,"href":"http:\/\/www.apucarana.pr.gov.br\/site\/wp-json\/wp\/v2\/categories?post=2483"},{"taxonomy":"post_tag","embeddable":true,"href":"http:\/\/www.apucarana.pr.gov.br\/site\/wp-json\/wp\/v2\/tags?post=2483"}],"curies":[{"name":"wp","href":"https:\/\/api.w.org\/{rel}","templated":true}]}}