{"id":2481,"date":"2015-01-07T18:58:00","date_gmt":"2015-01-07T18:58:00","guid":{"rendered":"http:\/\/172.16.0.7\/site-antigo\/?p=2481"},"modified":"2024-10-08T09:10:26","modified_gmt":"2024-10-08T12:10:26","slug":"residencial-jacana-sera-entregue-no-dia-30","status":"publish","type":"post","link":"http:\/\/www.apucarana.pr.gov.br\/site\/residencial-jacana-sera-entregue-no-dia-30\/","title":{"rendered":"Residencial Ja\u00e7an\u00e3 ser\u00e1 entregue no dia 30"},"content":{"rendered":"<\/p>\n<p><span style=\"letter-spacing: -0.02em; line-height: 1.45em; background-color: initial;\">Em reuni\u00e3o realizada na tarde de hoje (7), na Prefeitura de Apucarana, ficou definida que a entrega das chaves das trezentas casas do Residencial Ja\u00e7an\u00e3 acontecer\u00e1 no dia 30 de janeiro, \u00e0s 9h30. A rela\u00e7\u00e3o das fam\u00edlias contempladas nesta nova unidade do &ldquo;Minha Casa Minha Vida&rdquo;, foi divulgada ontem pela Caixa Econ&ocirc;mica Federal (CEF) e a Secretaria Municipal de Assist\u00eancia Social. Os nomes dos titulares pode ser consultados no site da Prefeitura de Apucarana &#8211;<\/span><a href=\"http:\/\/www.apucarana.pr.gov.br\/\" style=\"letter-spacing: -0.02em; line-height: 1.45em; background-color: initial;\">www.apucarana.pr.gov.br<\/a><\/p>\n<p>A defini\u00e7\u00e3o saiu em encontro mantido pelo prefeito Beto Preto com Olides Millezi Junior (gerente regional da CEF); Wilson de Sousa Corr\u00eaa (gerente de atendimento) e Luiz Carlos Horevicz. Tamb\u00e9m participaram os empres\u00e1rios S\u00e9rgio Barbosa e Jos\u00e9 Francisco Doniak, ambos da Construtora Bizantina, executora do projeto.<\/p>\n<p>Conforme anunciou Beto Preto, al\u00e9m das autoridades locais e de representantes da Companhia de Habita\u00e7\u00e3o do Paran\u00e1 (Cohapar) e do Governo do Estado, a solenidade tamb\u00e9m deve ser prestigiada pela Senadora Gleisi Hoffman.<\/p>\n<p>O sorteio de quadras e lotes est\u00e1 programado para segunda-feira, dia 12, a partir das 8 horas, no gin\u00e1sio de esportes do Servi\u00e7o Social do Com\u00e9rcio (Sesc). J\u00e1 a assinatura dos contratos acontecer\u00e1 nos dias 27 e 28 de janeiro, no mesmo local.<\/p>\n<\/p>\n<p><\/p>\n","protected":false},"excerpt":{"rendered":"<p>Sorteio de quadras e lotes est&aacute; programado para segunda-feira, dia 12, no gin&aacute;sio de esportes do Sesi<\/p>\n","protected":false},"author":4,"featured_media":0,"comment_status":"closed","ping_status":"closed","sticky":false,"template":"","format":"standard","meta":{"footnotes":""},"categories":[24],"tags":[],"class_list":["post-2481","post","type-post","status-publish","format-standard","hentry","category-noticias"],"acf":[],"_links":{"self":[{"href":"http:\/\/www.apucarana.pr.gov.br\/site\/wp-json\/wp\/v2\/posts\/2481","targetHints":{"allow":["GET"]}}],"collection":[{"href":"http:\/\/www.apucarana.pr.gov.br\/site\/wp-json\/wp\/v2\/posts"}],"about":[{"href":"http:\/\/www.apucarana.pr.gov.br\/site\/wp-json\/wp\/v2\/types\/post"}],"author":[{"embeddable":true,"href":"http:\/\/www.apucarana.pr.gov.br\/site\/wp-json\/wp\/v2\/users\/4"}],"replies":[{"embeddable":true,"href":"http:\/\/www.apucarana.pr.gov.br\/site\/wp-json\/wp\/v2\/comments?post=2481"}],"version-history":[{"count":1,"href":"http:\/\/www.apucarana.pr.gov.br\/site\/wp-json\/wp\/v2\/posts\/2481\/revisions"}],"predecessor-version":[{"id":104398,"href":"http:\/\/www.apucarana.pr.gov.br\/site\/wp-json\/wp\/v2\/posts\/2481\/revisions\/104398"}],"wp:attachment":[{"href":"http:\/\/www.apucarana.pr.gov.br\/site\/wp-json\/wp\/v2\/media?parent=2481"}],"wp:term":[{"taxonomy":"category","embeddable":true,"href":"http:\/\/www.apucarana.pr.gov.br\/site\/wp-json\/wp\/v2\/categories?post=2481"},{"taxonomy":"post_tag","embeddable":true,"href":"http:\/\/www.apucarana.pr.gov.br\/site\/wp-json\/wp\/v2\/tags?post=2481"}],"curies":[{"name":"wp","href":"https:\/\/api.w.org\/{rel}","templated":true}]}}