{"id":2480,"date":"2015-01-07T17:06:59","date_gmt":"2015-01-07T17:06:59","guid":{"rendered":"http:\/\/172.16.0.7\/site-antigo\/?p=2480"},"modified":"2024-10-08T09:10:26","modified_gmt":"2024-10-08T12:10:26","slug":"sorteio-de-lotes-e-quadras-do-jacana-sera-dia-12","status":"publish","type":"post","link":"http:\/\/www.apucarana.pr.gov.br\/site\/sorteio-de-lotes-e-quadras-do-jacana-sera-dia-12\/","title":{"rendered":"Sorteio de lotes e quadras do Ja\u00e7an\u00e3 ser\u00e1 dia 12"},"content":{"rendered":"<\/p>\n<p><span style=\"letter-spacing: -0.02em; line-height: 1.45em; background-color: initial;\">A Caixa Econ&ocirc;mica Federal (CEF) e a Prefeitura de Apucarana, por meio da Secretaria de Assist\u00eancia Social, agendaram para segunda-feira, dia 12, o sorteio de lotes e quadras entre as trezentas fam\u00edlias que ser\u00e3o contempladas com casas do Residencial Ja\u00e7an\u00e3. A rela\u00e7\u00e3o das fam\u00edlias credenciadas est\u00e1 publicada no site de prefeitura: www.apucarana.pr.gov.br\/.<\/span><\/p>\n<p>O sorteio acontecer\u00e1 a partir das 8 horas, no gin\u00e1sio de esportes do Servi\u00e7o Social do Com\u00e9rcio (Sesc), situado pr\u00f3ximo \u00e0 Unidade de Pronto Atendimento (UPA). Tamb\u00e9m j\u00e1 est\u00e1 programado para os dias 27 e 28 de janeiro o evento de assinatura dos contratos celebrados entre a Caixa Econ&ocirc;mica Federal e os futuros mutu\u00e1rios do Programa Minha Casa, Minha Vida. J\u00e1 a<span style=\"letter-spacing: -0.02em; line-height: 1.45em; background-color: initial;\">inaugura\u00e7\u00e3o do Residencial Ja\u00e7an\u00e3, edificado pela Construtora Bizantina, sob a responsabilidade dos engenheiros Jos\u00e9 Francisco Doniak e S\u00e9rgio Barbosa, acontecer\u00e1 no dia 30 de janeiro, \u00e0s 9h30. <\/span><\/p>\n<p>O Residencial Jacan\u00e3, pr\u00f3ximo ao Jardim Colonial, possui 300 casas, com a \u00e1rea constru\u00edda de 41,73 m&sup2;, sendo 9 casas para portadores de necessidades especiais. As moradias contam com sala, cozinha, 2 quartos e banheiro. O custo total do empreendimento \u00e9 de aproximadamente R$ 20 milh\u00f5es, sendo R$ 18 milh\u00f5es do Fundo de Arrendamento Residencial (FAR\/Governo Federal); R$ 1,2 milh\u00e3o do Governo do Estado (Cohapar); e R$ 636 mil referentes a padr\u00f5es de energia (Copel), e rede de \u00e1gua da Sanepar. O projeto inclui ainda obras de infraestrutura, como drenagem de \u00e1gua pluvial, rede coletora de esgoto, pavimenta\u00e7\u00e3o asf\u00e1ltica, meio fio e passeio em concreto.<\/p>\n<p>Al\u00e9m do Residencial Ja\u00e7an\u00e3, outros dois grandes projetos habitacionais foram implantados nessa regi\u00e3o, o Sumatra I e Sumatra II.<\/p>\n<p><\/p>\n","protected":false},"excerpt":{"rendered":"<p>A rela&ccedil;&atilde;o das 300 fam&iacute;lias credenciadas est&aacute; publicada no site de prefeitura\/<\/p>\n","protected":false},"author":4,"featured_media":0,"comment_status":"closed","ping_status":"closed","sticky":false,"template":"","format":"standard","meta":{"footnotes":""},"categories":[24],"tags":[],"class_list":["post-2480","post","type-post","status-publish","format-standard","hentry","category-noticias"],"acf":[],"_links":{"self":[{"href":"http:\/\/www.apucarana.pr.gov.br\/site\/wp-json\/wp\/v2\/posts\/2480","targetHints":{"allow":["GET"]}}],"collection":[{"href":"http:\/\/www.apucarana.pr.gov.br\/site\/wp-json\/wp\/v2\/posts"}],"about":[{"href":"http:\/\/www.apucarana.pr.gov.br\/site\/wp-json\/wp\/v2\/types\/post"}],"author":[{"embeddable":true,"href":"http:\/\/www.apucarana.pr.gov.br\/site\/wp-json\/wp\/v2\/users\/4"}],"replies":[{"embeddable":true,"href":"http:\/\/www.apucarana.pr.gov.br\/site\/wp-json\/wp\/v2\/comments?post=2480"}],"version-history":[{"count":1,"href":"http:\/\/www.apucarana.pr.gov.br\/site\/wp-json\/wp\/v2\/posts\/2480\/revisions"}],"predecessor-version":[{"id":104399,"href":"http:\/\/www.apucarana.pr.gov.br\/site\/wp-json\/wp\/v2\/posts\/2480\/revisions\/104399"}],"wp:attachment":[{"href":"http:\/\/www.apucarana.pr.gov.br\/site\/wp-json\/wp\/v2\/media?parent=2480"}],"wp:term":[{"taxonomy":"category","embeddable":true,"href":"http:\/\/www.apucarana.pr.gov.br\/site\/wp-json\/wp\/v2\/categories?post=2480"},{"taxonomy":"post_tag","embeddable":true,"href":"http:\/\/www.apucarana.pr.gov.br\/site\/wp-json\/wp\/v2\/tags?post=2480"}],"curies":[{"name":"wp","href":"https:\/\/api.w.org\/{rel}","templated":true}]}}