{"id":2478,"date":"2015-01-06T17:15:59","date_gmt":"2015-01-06T17:15:59","guid":{"rendered":"http:\/\/172.16.0.7\/site-antigo\/?p=2478"},"modified":"2024-10-08T09:10:26","modified_gmt":"2024-10-08T12:10:26","slug":"apucarana-sedia-festival-de-paraquedismo-neste-final-de-semana","status":"publish","type":"post","link":"http:\/\/www.apucarana.pr.gov.br\/site\/apucarana-sedia-festival-de-paraquedismo-neste-final-de-semana\/","title":{"rendered":"Apucarana sedia festival de paraquedismo neste final de semana"},"content":{"rendered":"<p><p><span style=\"letter-spacing: -0.02em; line-height: 1.45em; background-color: initial;\">Marcando o in\u00edcio da programa\u00e7\u00e3o festiva dos 71 nos de Apucarana, o Aeroporto Capit\u00e3o Jo\u00e3o Busse vai sediar neste final de semana um festival de paraquedismo. No s\u00e1bado (10) e domingo (11), entre 9 e 20 horas, instrutores e saltadores do Clube de Paraquedismo Sky Diver&acute;s v\u00e3o proporcionar ao p\u00fablico saltos duplos e profissionais.<\/span><\/p>\n<p>O evento foi realizado no ano passado atraindo mais de 10 mil pessoas ao aeroporto. &ldquo;Essa \u00e9 mais uma oportunidade para a popula\u00e7\u00e3o de Apucarana e regi\u00e3o sentir a emo\u00e7\u00e3o da queda livre. Os interessados em salto duplo (com a companhia de um instrutor) j\u00e1 podem fazer a sua inscri\u00e7\u00e3o, mantendo contato pelos telefones (43) 99728558 ou 30554729&rdquo;, anuncia Luis Vieira, da Sky Diver&rsquo;s. O festival poder\u00e1 contar com uma novidade. Trata-se do passeio de bal\u00e3o (balonismo). A atra\u00e7\u00e3o ser\u00e1 confirmada dependendo do n\u00famero de agendamento pr\u00e9vio para o passeio, atrav\u00e9s dos mesmos telefones acima citados.<\/p>\n<p> O grupo do Sky Diver&acute;s vai utilizar uma aeronave Cessna-182 de asas altas, para quatro saltadores, bem como turbo h\u00e9lice 195, para seis saltadores. Nos dois dias do evento do ano passado foram realizadas 20 decolagens para atender o agendamento de 80 saltos duplos. &ldquo;Neste ano pretendemos ultrapassar 100 saltos&rdquo;, planeja Vieira. <br \/> Durante a programa\u00e7\u00e3o de s\u00e1bado est\u00e1 previsto para as 14 horas um salto comemorativo ao anivers\u00e1rio de Apucarana, com a maior bandeira brasileira do pa\u00eds, de 23 metros de largura por 15 metros de altura. Os pousos dos saltadores acontecer\u00e3o num gramado ao lado da pista do aeroporto. Neste ano foi reservado um espa\u00e7o diferenciado e maior para o p\u00fablico, que ter\u00e1 a sua disposi\u00e7\u00e3o pra\u00e7a de alimenta\u00e7\u00e3o, com mais de 10 barracas. Um restaurante da cidade ir\u00e1 montar uma estrutura no local para servir almo\u00e7o.<\/p>\n<p>Outra atra\u00e7\u00e3o prevista para o festival \u00e9 a presen\u00e7a de pilotos ligados a v\u00e1rios aeroclubes da regi\u00e3o e do pa\u00eds. &ldquo;Em 2014 muitos atenderam o nosso convite e vieram com suas aeronaves para exposi\u00e7\u00e3o no aeroporto. Neste ano, os 20 primeiros que chegarem voando, tanto no s\u00e1bado como no domingo, v\u00e3o ganhar o almo\u00e7o no restaurante que ser\u00e1 montado no local&rdquo;, anuncia Vieira. <span>Saiba tudo sobre o grupo Skydivers, com fotos e v\u00eddeos no site<a href=\"http:\/\/www.apucarana.pr.gov.br\/noticias\/1029\/www.skydivers.com.br\"><b>www.skydivers.com.br<\/b><\/a>.<br \/> <\/span><\/p>\n<p><\/p>\n","protected":false},"excerpt":{"rendered":"<p>Evento marca in&iacute;cio da programa&ccedil;&atilde;o festiva dos 71 nos de Apucarana <\/p>\n","protected":false},"author":4,"featured_media":0,"comment_status":"closed","ping_status":"closed","sticky":false,"template":"","format":"standard","meta":{"footnotes":""},"categories":[24],"tags":[],"class_list":["post-2478","post","type-post","status-publish","format-standard","hentry","category-noticias"],"acf":[],"_links":{"self":[{"href":"http:\/\/www.apucarana.pr.gov.br\/site\/wp-json\/wp\/v2\/posts\/2478","targetHints":{"allow":["GET"]}}],"collection":[{"href":"http:\/\/www.apucarana.pr.gov.br\/site\/wp-json\/wp\/v2\/posts"}],"about":[{"href":"http:\/\/www.apucarana.pr.gov.br\/site\/wp-json\/wp\/v2\/types\/post"}],"author":[{"embeddable":true,"href":"http:\/\/www.apucarana.pr.gov.br\/site\/wp-json\/wp\/v2\/users\/4"}],"replies":[{"embeddable":true,"href":"http:\/\/www.apucarana.pr.gov.br\/site\/wp-json\/wp\/v2\/comments?post=2478"}],"version-history":[{"count":1,"href":"http:\/\/www.apucarana.pr.gov.br\/site\/wp-json\/wp\/v2\/posts\/2478\/revisions"}],"predecessor-version":[{"id":104401,"href":"http:\/\/www.apucarana.pr.gov.br\/site\/wp-json\/wp\/v2\/posts\/2478\/revisions\/104401"}],"wp:attachment":[{"href":"http:\/\/www.apucarana.pr.gov.br\/site\/wp-json\/wp\/v2\/media?parent=2478"}],"wp:term":[{"taxonomy":"category","embeddable":true,"href":"http:\/\/www.apucarana.pr.gov.br\/site\/wp-json\/wp\/v2\/categories?post=2478"},{"taxonomy":"post_tag","embeddable":true,"href":"http:\/\/www.apucarana.pr.gov.br\/site\/wp-json\/wp\/v2\/tags?post=2478"}],"curies":[{"name":"wp","href":"https:\/\/api.w.org\/{rel}","templated":true}]}}