{"id":2476,"date":"2015-01-06T11:32:00","date_gmt":"2015-01-06T11:32:00","guid":{"rendered":"http:\/\/172.16.0.7\/site-antigo\/?p=2476"},"modified":"2024-10-08T09:10:26","modified_gmt":"2024-10-08T12:10:26","slug":"prefeitura-investe-rs-3-milhoes-em-mobiliario-e-equipamentos-para-escolas","status":"publish","type":"post","link":"http:\/\/www.apucarana.pr.gov.br\/site\/prefeitura-investe-rs-3-milhoes-em-mobiliario-e-equipamentos-para-escolas\/","title":{"rendered":"Prefeitura investe R$ 3 milh\u00f5es em mobili\u00e1rio e equipamentos para escolas"},"content":{"rendered":"<p><p>Buscando melhorar ainda mais a qualidade do ensino ofertado, a Autarquia Municipal de Educa\u00e7\u00e3o (AME) comprou novos m\u00f3veis e lousas escolares para todas as unidades de sua rede. Todos os equipamentos foram adquiridos por meio de licita\u00e7\u00e3o e o investimento total aproxima-se dos R$ 3 milh\u00f5es.<\/p>\n<p>As 36 escolas e 21 centros municipais de educa\u00e7\u00e3o infantil (CMEIs) de Apucarana est\u00e3o recebendo mesas e cadeiras para professores, mesas para reuni\u00e3o, arm\u00e1rios em a\u00e7o, estantes para livros, conjuntos para refeit\u00f3rios, arquivos para secretarias, televisores de 29 polegadas com entrada USB, fog\u00f5es industriais, liquidificadores, ferros de passar, bebedouros, aparelhos tipo data show, quadros verdes quadriculados, entre outros itens. A distribui\u00e7\u00e3o est\u00e1 sendo feita de acordo com a demanda das escolas.<\/p>\n<p>Segundo a diretora-presidente da AME, professora Marli Regina Fernandes da Silva, o mobili\u00e1rio novo vem para substituir materiais antigos e j\u00e1 desgastados pelo uso. &ldquo;O prefeito Beto Preto entende que as benfeitorias na infraestrutura das escolas s\u00e3o condi\u00e7\u00f5es indispens\u00e1veis para a melhoria da qualidade da educa\u00e7\u00e3o&rdquo;, frisa a secret\u00e1ria.<\/p>\n<p>Ela ainda acrescenta que, em junho desse ano, a AME j\u00e1 trocou praticamente todos os equipamentos da linha branca de todas unidades da rede municipal e o prefeito Beto Preto ainda deu ordem de servi\u00e7o para o in\u00edcio das obras de reforma e amplia\u00e7\u00e3o em sete pr\u00e9dios &ndash; CMEI Irm\u00e3 Dulce, CMEI Domingos Mareze, CMEI Ana Luiz\u00e3o Festi, CMEI Ol\u00edvio Fernandes, Escola Municipal F\u00e1bio Henrique, Escola Juiz Luiz Fernando de Ara\u00fajo Pereira e Escola Municipal Professor Durval Pinto.<\/p>\n<p>&ldquo;Agora, com a substitui\u00e7\u00e3o dos m\u00f3veis antigos e dos quadros deteriorados, ser\u00e1 poss\u00edvel dar uma cara nova \u00e0s escolas e principalmente garantir um ambiente mais adequado \u00e0 aprendizagem e confort\u00e1vel para os nossos alunos, professores e funcion\u00e1rios a partir de 2015&rdquo;, destaca Marli.  <\/p>\n<div>\n<div><img decoding=\"async\" class=\"ajT\" src=\"https:\/\/ssl.gstatic.com\/ui\/v1\/icons\/mail\/images\/cleardot.gif\"><\/div>\n<\/div>\n<p><\/p>\n","protected":false},"excerpt":{"rendered":"<p>Materiais est&atilde;o sendo encaminhados para as 36 escolas e 21 centros educacionais infantis<\/p>\n","protected":false},"author":4,"featured_media":0,"comment_status":"closed","ping_status":"closed","sticky":false,"template":"","format":"standard","meta":{"footnotes":""},"categories":[24],"tags":[],"class_list":["post-2476","post","type-post","status-publish","format-standard","hentry","category-noticias"],"acf":[],"_links":{"self":[{"href":"http:\/\/www.apucarana.pr.gov.br\/site\/wp-json\/wp\/v2\/posts\/2476","targetHints":{"allow":["GET"]}}],"collection":[{"href":"http:\/\/www.apucarana.pr.gov.br\/site\/wp-json\/wp\/v2\/posts"}],"about":[{"href":"http:\/\/www.apucarana.pr.gov.br\/site\/wp-json\/wp\/v2\/types\/post"}],"author":[{"embeddable":true,"href":"http:\/\/www.apucarana.pr.gov.br\/site\/wp-json\/wp\/v2\/users\/4"}],"replies":[{"embeddable":true,"href":"http:\/\/www.apucarana.pr.gov.br\/site\/wp-json\/wp\/v2\/comments?post=2476"}],"version-history":[{"count":1,"href":"http:\/\/www.apucarana.pr.gov.br\/site\/wp-json\/wp\/v2\/posts\/2476\/revisions"}],"predecessor-version":[{"id":104403,"href":"http:\/\/www.apucarana.pr.gov.br\/site\/wp-json\/wp\/v2\/posts\/2476\/revisions\/104403"}],"wp:attachment":[{"href":"http:\/\/www.apucarana.pr.gov.br\/site\/wp-json\/wp\/v2\/media?parent=2476"}],"wp:term":[{"taxonomy":"category","embeddable":true,"href":"http:\/\/www.apucarana.pr.gov.br\/site\/wp-json\/wp\/v2\/categories?post=2476"},{"taxonomy":"post_tag","embeddable":true,"href":"http:\/\/www.apucarana.pr.gov.br\/site\/wp-json\/wp\/v2\/tags?post=2476"}],"curies":[{"name":"wp","href":"https:\/\/api.w.org\/{rel}","templated":true}]}}