{"id":2475,"date":"2015-01-06T11:17:00","date_gmt":"2015-01-06T11:17:00","guid":{"rendered":"http:\/\/172.16.0.7\/site-antigo\/?p=2475"},"modified":"2024-10-08T09:10:26","modified_gmt":"2024-10-08T12:10:26","slug":"taxis-terao-nova-padronizacao-e-tarifa-em-2015","status":"publish","type":"post","link":"http:\/\/www.apucarana.pr.gov.br\/site\/taxis-terao-nova-padronizacao-e-tarifa-em-2015\/","title":{"rendered":"T\u00e1xis ter\u00e3o nova padroniza\u00e7\u00e3o e tarifa em 2015"},"content":{"rendered":"<p><span style=\"letter-spacing: -0.02em; line-height: 1.45em; background-color: initial;\">Dois decretos municipais estabelecem algumas mudan\u00e7as que afetar\u00e3o taxistas e usu\u00e1rios do sistema de transporte individual de passageiros. A partir deste ano, os ve\u00edculos ter\u00e3o uma nova padroniza\u00e7\u00e3o visual e o valor dos servi\u00e7os (bandeirada, quil&ocirc;metro rodado e hora parada) foi reajustado em 7%. C\u00f3pias dos decretos 726\/2014 e 727\/2014 que estabelecem as altera\u00e7\u00f5es foram repassadas nesta ter\u00e7a-feira (06\/01) aos 38 taxistas credenciados pelo Munic\u00edpio, durante reuni\u00e3o que ocorreu no sal\u00e3o nobre da Prefeitura de Apucarana.<\/span><\/p>\n<p>Os decretos foram assinados no final do ano passado pelo prefeito de Apucarana, Beto Preto. &ldquo;O valor da tarifa foi reajustado, tendo em vista a eleva\u00e7\u00e3o dos custos, como o pre\u00e7o dos combust\u00edveis. J\u00e1 a padroniza\u00e7\u00e3o facilita a identifica\u00e7\u00e3o do servi\u00e7o por parte da popula\u00e7\u00e3o, al\u00e9m de garantir mais seguran\u00e7a, facilitando o trabalho de fiscaliza\u00e7\u00e3o e ajudando a evitar o servi\u00e7o clandestino&rdquo;, frisa Beto Preto. <\/p>\n<p>Na bandeira 1, o valor do quil&ocirc;metro rodado subiu de R$ 3 para R$ 3,20 e o valor da hora parada foi reajustado de R$ 20 para R$ 21,40. J\u00e1 na bandeira 2, o valor do quil&ocirc;metro rodado passa de R$ 3,60 para R$ 3,85 e a hora parada tamb\u00e9m oscilou de R$ 20 para R$ 21,40. &ldquo;De acordo com o decreto, os valores est\u00e3o vigorando desde o dia 1\u00ba de janeiro. Mas, na pr\u00e1tica, isso ainda n\u00e3o est\u00e1 acontecendo, pois o tax\u00edmetro deve ser aberto e reprogramado por um t\u00e9cnico credenciado junto ao Ipem (<i>Instituto de Pesos e Medidas<\/i>), o que deve ocorrer nos pr\u00f3ximos dias&rdquo;, observa o superintendente municipal de Tributa\u00e7\u00e3o, Anderson Tonin.<\/p>\n<p>A nova caracteriza\u00e7\u00e3o dos ve\u00edculos dever\u00e1 ser feita por meio de adesivagem, com material em vinil (filme de PVC com 0,08 mil\u00edmetros de espessura). As cores da nova identifica\u00e7\u00e3o visual dos t\u00e1xis ser\u00e3o o azul e vermelho, que s\u00e3o predominantes em s\u00edmbolos municipais, como o bras\u00e3o e a bandeira. &ldquo;Os taxistas ter\u00e3o prazo de 60 dias para providenciar a mudan\u00e7a. Ap\u00f3s fazerem a adesivagem, os ve\u00edculos ser\u00e3o vistoriados por uma equipe da Prefeitura, a fim de verificar se foram utilizados o padr\u00e3o, material e cores previstos&rdquo;, esclarece Tonin.<\/p>\n<p>Os taxistas que deixarem de fazer a adequa\u00e7\u00e3o n\u00e3o poder\u00e3o prestar o servi\u00e7o, mesmo que autorizados. O presidente do Sindicato dos Taxistas de Apucarana, Paulo S\u00e9rgio Pila, apoia a medida. &ldquo;A padroniza\u00e7\u00e3o garante mais seguran\u00e7a para os taxistas e usu\u00e1rios do servi\u00e7o. Al\u00e9m disso, ajuda a combater o trabalho clandestino&rdquo;, afirma o presidente do Sindicato dos Taxistas de Apucarana, solicitando que as pessoas somente utilizem o servi\u00e7o prestado por ve\u00edculos que possuem a padroniza\u00e7\u00e3o visual.<\/p>\n<\/p>\n<p><\/p>\n","protected":false},"excerpt":{"rendered":"<p>Valor dos servi&ccedil;os foi reajustado em 7% e nova caracteriza&ccedil;&atilde;o dos ve&iacute;culos dever&aacute; ser providenciada dentro de 60 dias<\/p>\n","protected":false},"author":4,"featured_media":0,"comment_status":"closed","ping_status":"closed","sticky":false,"template":"","format":"standard","meta":{"footnotes":""},"categories":[24],"tags":[],"class_list":["post-2475","post","type-post","status-publish","format-standard","hentry","category-noticias"],"acf":[],"_links":{"self":[{"href":"http:\/\/www.apucarana.pr.gov.br\/site\/wp-json\/wp\/v2\/posts\/2475","targetHints":{"allow":["GET"]}}],"collection":[{"href":"http:\/\/www.apucarana.pr.gov.br\/site\/wp-json\/wp\/v2\/posts"}],"about":[{"href":"http:\/\/www.apucarana.pr.gov.br\/site\/wp-json\/wp\/v2\/types\/post"}],"author":[{"embeddable":true,"href":"http:\/\/www.apucarana.pr.gov.br\/site\/wp-json\/wp\/v2\/users\/4"}],"replies":[{"embeddable":true,"href":"http:\/\/www.apucarana.pr.gov.br\/site\/wp-json\/wp\/v2\/comments?post=2475"}],"version-history":[{"count":1,"href":"http:\/\/www.apucarana.pr.gov.br\/site\/wp-json\/wp\/v2\/posts\/2475\/revisions"}],"predecessor-version":[{"id":104404,"href":"http:\/\/www.apucarana.pr.gov.br\/site\/wp-json\/wp\/v2\/posts\/2475\/revisions\/104404"}],"wp:attachment":[{"href":"http:\/\/www.apucarana.pr.gov.br\/site\/wp-json\/wp\/v2\/media?parent=2475"}],"wp:term":[{"taxonomy":"category","embeddable":true,"href":"http:\/\/www.apucarana.pr.gov.br\/site\/wp-json\/wp\/v2\/categories?post=2475"},{"taxonomy":"post_tag","embeddable":true,"href":"http:\/\/www.apucarana.pr.gov.br\/site\/wp-json\/wp\/v2\/tags?post=2475"}],"curies":[{"name":"wp","href":"https:\/\/api.w.org\/{rel}","templated":true}]}}