{"id":2473,"date":"2014-12-30T12:13:59","date_gmt":"2014-12-30T12:13:59","guid":{"rendered":"http:\/\/172.16.0.7\/site-antigo\/?p=2473"},"modified":"2024-10-08T09:10:26","modified_gmt":"2024-10-08T12:10:26","slug":"camara-devolve-mais-rs-1-2-milhao-para-a-prefeitura","status":"publish","type":"post","link":"http:\/\/www.apucarana.pr.gov.br\/site\/camara-devolve-mais-rs-1-2-milhao-para-a-prefeitura\/","title":{"rendered":"C&#226;mara devolve mais R$ 1,2 milh\u00e3o para a Prefeitura"},"content":{"rendered":"<\/p>\n<p>O presidente da C&acirc;mara de Vereadores, Jos\u00e9 Airton Deco de Ara\u00fajo, entregou nesta ter\u00e7a-feira (30\/12) o cheque de R$ 1.263.346,71 ao prefeito de Apucarana, Beto Preto. O valor se soma aos R$ 472.278 j\u00e1 transferidos anteriormente para a conta da Prefeitura e representa as sobras em dinheiro dos repasses do duoc\u00e9cimo, feitos pelo Executivo em 2014. O ato aconteceu no plen\u00e1rio da C&acirc;mara, contando com a presen\u00e7a de vereadores, secret\u00e1rios e servidores municipais.<\/p>\n<p>Deco explica que o montante j\u00e1 transferido anteriormente, no valor de R$ 472.278, \u00e9 relativo ao imposto de renda retido e a rendas sobre aplica\u00e7\u00f5es financeiras. &ldquo;Nos \u00faltimos dois anos devolvemos quase quatro milh\u00f5es de reais para a Prefeitura. &Eacute; fruto do trabalho de todos os servidores, que direta ou indiretamente nos ajudaram a chegar a esses resultados&rdquo;, destaca Deco.<\/p>\n<p>O presidente da C&acirc;mara, que foi reeleito ao cargo, ressalta que a devolu\u00e7\u00e3o demonstra a responsabilidade dos vereadores com a cidade. &ldquo;Ao contr\u00e1rio de outros anos, quando o dinheiro devolvido j\u00e1 estava todo comprometido com a folha salarial da Prefeitura, esses recursos ser\u00e3o totalmente aplicados em obras&rdquo;, frisa Deco. <\/p>\n<p>O prefeito de Apucarana afirma que os recursos que foram devolvidos no ano passado foram aplicados na aquisi\u00e7\u00e3o de material e uniformes escolares. &ldquo;Neste ano havia uma pr\u00e9-conversa para aplicar o valor devolvido na pavimenta\u00e7\u00e3o de parques industriais, mas sugiro a retomada da conversa e proponho uma mudan\u00e7a com o objetivo de investir esses valores na pavimenta\u00e7\u00e3o de \u00e1reas residenciais&rdquo;, pontua.<\/p>\n<p>Al\u00e9m de garantir a aplica\u00e7\u00e3o dos recursos exclusivamente em obras, Beto Preto lembrou ainda que o Munic\u00edpio alcan\u00e7ou o equil\u00edbrio financeiro mesmo pagando d\u00edvidas que foram herdadas. &ldquo;Nestes dois anos de mandato j\u00e1 pagamos mais de R$ 28 milh\u00f5es de d\u00edvidas. Essa \u00e9 a verdadeira heran\u00e7a maldita. Entretanto, nada sucumbe ao trabalho. Vamos manter a austeridade e promover as mudan\u00e7as que Apucarana tanto precisa. Estamos chegando a 2015, que ser\u00e1 o ano do mandato, o ano em que as coisas v\u00e3o acontecer&rdquo;, projeta Beto Preto.<\/p>\n<p><\/p>\n","protected":false},"excerpt":{"rendered":"<p>O valor se soma aos R$ 472.278 j&aacute; transferidos anteriormente para a conta da Prefeitura<\/p>\n","protected":false},"author":4,"featured_media":0,"comment_status":"closed","ping_status":"closed","sticky":false,"template":"","format":"standard","meta":{"footnotes":""},"categories":[24],"tags":[],"class_list":["post-2473","post","type-post","status-publish","format-standard","hentry","category-noticias"],"acf":[],"_links":{"self":[{"href":"http:\/\/www.apucarana.pr.gov.br\/site\/wp-json\/wp\/v2\/posts\/2473","targetHints":{"allow":["GET"]}}],"collection":[{"href":"http:\/\/www.apucarana.pr.gov.br\/site\/wp-json\/wp\/v2\/posts"}],"about":[{"href":"http:\/\/www.apucarana.pr.gov.br\/site\/wp-json\/wp\/v2\/types\/post"}],"author":[{"embeddable":true,"href":"http:\/\/www.apucarana.pr.gov.br\/site\/wp-json\/wp\/v2\/users\/4"}],"replies":[{"embeddable":true,"href":"http:\/\/www.apucarana.pr.gov.br\/site\/wp-json\/wp\/v2\/comments?post=2473"}],"version-history":[{"count":1,"href":"http:\/\/www.apucarana.pr.gov.br\/site\/wp-json\/wp\/v2\/posts\/2473\/revisions"}],"predecessor-version":[{"id":104406,"href":"http:\/\/www.apucarana.pr.gov.br\/site\/wp-json\/wp\/v2\/posts\/2473\/revisions\/104406"}],"wp:attachment":[{"href":"http:\/\/www.apucarana.pr.gov.br\/site\/wp-json\/wp\/v2\/media?parent=2473"}],"wp:term":[{"taxonomy":"category","embeddable":true,"href":"http:\/\/www.apucarana.pr.gov.br\/site\/wp-json\/wp\/v2\/categories?post=2473"},{"taxonomy":"post_tag","embeddable":true,"href":"http:\/\/www.apucarana.pr.gov.br\/site\/wp-json\/wp\/v2\/tags?post=2473"}],"curies":[{"name":"wp","href":"https:\/\/api.w.org\/{rel}","templated":true}]}}