{"id":2472,"date":"2014-12-30T12:09:59","date_gmt":"2014-12-30T12:09:59","guid":{"rendered":"http:\/\/172.16.0.7\/site-antigo\/?p=2472"},"modified":"2024-10-08T09:10:26","modified_gmt":"2024-10-08T12:10:26","slug":"contrato-garante-rs-7-7-milhoes-ao-hospital-materno-infantil","status":"publish","type":"post","link":"http:\/\/www.apucarana.pr.gov.br\/site\/contrato-garante-rs-7-7-milhoes-ao-hospital-materno-infantil\/","title":{"rendered":"Contrato garante R$ 7,7 milh\u00f5es ao Hospital Materno Infantil"},"content":{"rendered":"<p><p>Um m\u00eas ap\u00f3s assegurar o repasse anual de quase R$ 23 milh\u00f5es ao Hospital da Provid\u00eancia, a Autarquia Municipal de Sa\u00fade (AMS) assinou nesta ter\u00e7a-feira (30\/12) contrato com o Hospital Materno Infantil no valor de R$ 7.719.187,92. As duas unidades s\u00e3o administradas pelo Hospital Nossa Senhora das Gra\u00e7as de Curitiba e, juntas, receber\u00e3o mais de R$ 30 milh\u00f5es anualmente para o custeio de servi\u00e7os. No caso do contrato com o &ldquo;Materno Infantil&rdquo;, os recursos s\u00e3o destinados para atendimentos nas \u00e1reas de obstetr\u00edcia, pediatria e UTI Neonatal.<\/p>\n<p>No ato de assinatura do contrato, que aconteceu no pr\u00e9dio da Autarquia Municipal de Sa\u00fade, o prefeito de Apucarana, Beto Preto, foi representado pelo secret\u00e1rio municipal de Sa\u00fade, Roberto Kaneta, e pelo superintendente de Servi\u00e7os de Sa\u00fade, H\u00e9lio Kissina. J\u00e1 o Hospital Nossa Senhora das Gra\u00e7as, que mant\u00e9m o Provid\u00eancia e o Materno Infantil, foi representado pela diretora da institui\u00e7\u00e3o hospitalar, irm\u00e3 Geovana Aparecida Ramos, e pelo gerente administrativo e financeiro, Valdemir da Silva Salata. <\/p>\n<p>Ao comentar a assinatura do contrato, o prefeito de Apucarana lembrou que gest\u00f5es feitas, nos \u00faltimos dois anos, junto ao Governo Federal garantiram um aumento de 82,95% em recursos do SUS para o Hospital da Provid\u00eancia e o Materno Infantil. &ldquo;O refor\u00e7o de verbas foi conquistado em 2013, ainda na gest\u00e3o do ex-ministro da Sa\u00fade, Alexandre Padilha. At\u00e9outubro de 2013existia apenas um \u00fanico contrato. Ele foi desdobrado, em novembro de 2013, em dois contratos: Hospital da Provid\u00eancia e Hospital da Provid\u00eancia Materno Infantil. No m\u00eas de novembro, foi renovado o contrato com o Hospital da Provid\u00eancia, com valor anual de R$ 22.545.658,91 e agora foi renovado o contrato com o Materno Infantil, no valor de R$ 7.719.187,92&rdquo;, detalha Beto Preto.<\/p>\n<p>De acordo com o secret\u00e1rio de Sa\u00fade, Roberto Kaneta, o contrato tem vig\u00eancia de 12 meses e os valores s\u00e3o transferidos mensalmente pelo Minist\u00e9rio da Sa\u00fade &ndash; via Sistema &Uacute;nico de Sa\u00fade (SUS) &#8211; \u00e0 Autarquia Municipal de Sa\u00fade, gestora plena da sa\u00fade em Apucarana, que faz os repasses ao hospital. Kaneta frisa ainda que neste contrato foi inclu\u00edda uma cl\u00e1usula que prev\u00ea presta\u00e7\u00f5es de contas peri\u00f3dicas da aplica\u00e7\u00e3o dos recursos ao Conselho Municipal de Sa\u00fade. &ldquo;Isso garante ainda mais transpar\u00eancia ao contrato, que define tamb\u00e9m metas, par&acirc;metros de atendimento, as obriga\u00e7\u00f5es e forma de atendimento&rdquo;, explica Kaneta. <\/p>\n<p>O superintendente de Servi\u00e7os de Sa\u00fade da AMS, H\u00e9lio Kissina, afirma que o contrato refor\u00e7a a parceria entre o munic\u00edpio e o hospital, al\u00e9m de permitir o acompanhamento por parte da sociedade. &ldquo;A presta\u00e7\u00e3o peri\u00f3dica de contas \u00e9 uma ferramenta que n\u00e3o existia. Com isso, todas as informa\u00e7\u00f5es do contrato estar\u00e3o dispon\u00edveis a toda a popula\u00e7\u00e3o de forma clara e bem definida&rdquo;, avalia.<\/p>\n<p>A irm\u00e3 Geovana destaca que o novo contrato ajudar\u00e1 o hospital a manter o foco cada vez mais no paciente. &ldquo;Estamos trabalhando muito a qualidade e a seguran\u00e7a do paciente, que \u00e9 a raz\u00e3o da nossa administra\u00e7\u00e3o&rdquo;, destaca a irm\u00e3 Geovana, citando ainda que os recursos permitir\u00e3o fazer melhorias no atendimento da gesta\u00e7\u00e3o de alto risco, \u00e1rea em que o Hospital Materno Infantil \u00e9 refer\u00eancia, fazendo parte da Rede M\u00e3e Paranaense. <\/p>\n<p>Al\u00e9m do contrato que foi assinado, o Munic\u00edpio contribui ainda custeando o aluguel do pr\u00e9dio onde funciona o Hospital Materno Infantil, no valor de R$ 37 mil. Mesmo assim, conforme a irm\u00e3 Geovana, os recursos n\u00e3o s\u00e3o suficientes para manter a unidade. &ldquo;Nosso d\u00e9ficit mensal \u00e9 de cerca de R$ 100 mil, valor que precisa ser complementado com outras a\u00e7\u00f5es e recursos de outras unidades&rdquo;, pondera.<\/p>\n<p><\/p>\n","protected":false},"excerpt":{"rendered":"<p>Recursos s&atilde;o destinados para atendimentos nas &aacute;reas de obstetr&iacute;cia, pediatria e UTI Neonatal<\/p>\n","protected":false},"author":4,"featured_media":0,"comment_status":"closed","ping_status":"closed","sticky":false,"template":"","format":"standard","meta":{"footnotes":""},"categories":[24],"tags":[],"class_list":["post-2472","post","type-post","status-publish","format-standard","hentry","category-noticias"],"acf":[],"_links":{"self":[{"href":"http:\/\/www.apucarana.pr.gov.br\/site\/wp-json\/wp\/v2\/posts\/2472","targetHints":{"allow":["GET"]}}],"collection":[{"href":"http:\/\/www.apucarana.pr.gov.br\/site\/wp-json\/wp\/v2\/posts"}],"about":[{"href":"http:\/\/www.apucarana.pr.gov.br\/site\/wp-json\/wp\/v2\/types\/post"}],"author":[{"embeddable":true,"href":"http:\/\/www.apucarana.pr.gov.br\/site\/wp-json\/wp\/v2\/users\/4"}],"replies":[{"embeddable":true,"href":"http:\/\/www.apucarana.pr.gov.br\/site\/wp-json\/wp\/v2\/comments?post=2472"}],"version-history":[{"count":1,"href":"http:\/\/www.apucarana.pr.gov.br\/site\/wp-json\/wp\/v2\/posts\/2472\/revisions"}],"predecessor-version":[{"id":104407,"href":"http:\/\/www.apucarana.pr.gov.br\/site\/wp-json\/wp\/v2\/posts\/2472\/revisions\/104407"}],"wp:attachment":[{"href":"http:\/\/www.apucarana.pr.gov.br\/site\/wp-json\/wp\/v2\/media?parent=2472"}],"wp:term":[{"taxonomy":"category","embeddable":true,"href":"http:\/\/www.apucarana.pr.gov.br\/site\/wp-json\/wp\/v2\/categories?post=2472"},{"taxonomy":"post_tag","embeddable":true,"href":"http:\/\/www.apucarana.pr.gov.br\/site\/wp-json\/wp\/v2\/tags?post=2472"}],"curies":[{"name":"wp","href":"https:\/\/api.w.org\/{rel}","templated":true}]}}