{"id":2471,"date":"2014-12-29T17:55:59","date_gmt":"2014-12-29T17:55:59","guid":{"rendered":"http:\/\/172.16.0.7\/site-antigo\/?p=2471"},"modified":"2024-10-08T09:10:26","modified_gmt":"2024-10-08T12:10:26","slug":"apucarana-anuncia-novo-plano-diretor-como-ferramenta-para-o-desenvolvimento","status":"publish","type":"post","link":"http:\/\/www.apucarana.pr.gov.br\/site\/apucarana-anuncia-novo-plano-diretor-como-ferramenta-para-o-desenvolvimento\/","title":{"rendered":"Apucarana anuncia novo plano diretor como ferramenta para o desenvolvimento"},"content":{"rendered":"<p><p><span style=\"letter-spacing: -0.02em; line-height: 1.45em; background-color: initial;\">Com a presen\u00e7a de autoridades municipais e membros de associa\u00e7\u00f5es ligadas \u00e0 ind\u00fastria, com\u00e9rcio, constru\u00e7\u00e3o civil, segmento imobili\u00e1rio e transpar\u00eancia p\u00fablica, o prefeito Beto Preto (PT) sancionou nesta segunda-feira (29\/12), em ato realizado no sal\u00e3o nobre da prefeitura, o novo Plano Diretor de Desenvolvimento de Apucarana. O processo de atualiza\u00e7\u00e3o das leis que comp\u00f5em a legisla\u00e7\u00e3o &#8211; Desenvolvimento, Zoneamento e Per\u00edmetro Urbano, Uso e Ocupa\u00e7\u00e3o, e Parcelamento do Solo, Edifica\u00e7\u00f5es e Sistema Vi\u00e1rio &ndash; teve in\u00edcio em maio do ano passado durante a 5\u00aa Confer\u00eancia Municipal das Cidades e privilegiou a participa\u00e7\u00e3o popular, com a promo\u00e7\u00e3o de reuni\u00f5es internas e t\u00e9cnicas setorizadas &#8211; com construtoras, engenheiros, arquitetos e imobiliaristas &ndash; al\u00e9m de audi\u00eancias p\u00fablicas. &ldquo;Essa lei tem como base o planejamento da nossa cidade para muitos anos e certamente \u00e9 uma ferramenta de expans\u00e3o, de atrativo do desenvolvimento econ&ocirc;mico, permitindo novas \u00e1reas para industrializa\u00e7\u00e3o e verticaliza\u00e7\u00e3o imobili\u00e1ria&rdquo;, frisou o prefeito.<br \/><\/span><span style=\"letter-spacing: -0.02em; line-height: 1.45em; background-color: initial;\"><br \/>As seis leis que comp\u00f5em o Plano Diretor de Desenvolvimento v\u00e3o ser publicadas nesta ter\u00e7a-feira em di\u00e1rio oficial e entram em vigor quinta-feira &#8211; 1\u00ba de janeiro. &ldquo;Com esta legisla\u00e7\u00e3o Apucarana est\u00e1 virando a p\u00e1gina da estagna\u00e7\u00e3o, abrindo as portas e janelas para que sopre o vento do desenvolvimento, revelando a todos ser hoje uma cidade que quer avan\u00e7ar&rdquo;, destacou Beto, agradecendo a todos os servidores municipais, t\u00e9cnicos e outros profissionais que trabalharam no dia a dia e que tamb\u00e9m compareceram aos debates p\u00fablicos para formata\u00e7\u00e3o do documento, que re\u00fane cerca de 500 p\u00e1ginas.<br \/><\/span><span style=\"letter-spacing: -0.02em; line-height: 1.45em; background-color: initial;\"><br \/>Para o vice-prefeito, J\u00fanior da Femac, a legisla\u00e7\u00e3o sancionada pelo prefeito tem a cara de Apucarana. &ldquo;Temos em m\u00e3os as diretrizes para uma Apucarana do futuro&rdquo;, chancelou. Em nome do Legislativo Municipal, o presidente Jos\u00e9 Airton Deco de Ara\u00fajo ressaltou que al\u00e9m de hist\u00f3rico, o momento era de agradecimentos. &ldquo;Tenho muito orgulho de fazer parte deste time, que vem trabalhando para melhorar Apucarana. Temos hoje uma administra\u00e7\u00e3o com olhar social, onde tudo o que a cidade precisava est\u00e1 acontecendo&rdquo;, avaliou.<br \/><\/span><span style=\"letter-spacing: -0.02em; line-height: 1.45em; background-color: initial;\"><br \/>Com rela\u00e7\u00e3o ao novo plano, Deco considerou ser um trabalho &ldquo;diferente&rdquo;. &ldquo;Acompanhei de perto todo o processo. O que t\u00ednhamos at\u00e9 agora era algo feito de qualquer jeito, por um pessoal de fora, que fez estudos da cidade sem conhec\u00ea-la. Este n\u00e3o, ele \u00e9 um plano diferente, moderno, feito por gente nossa&rdquo;, concluiu o vereador.<br \/><\/span><span style=\"letter-spacing: -0.02em; line-height: 1.45em; background-color: initial;\"><br \/>O secret\u00e1rio Municipal de Obras, Herivelto Moreno, assinalou que a prefeitura vai estar \u00e0 disposi\u00e7\u00e3o para sanar todas as d\u00favidas. &ldquo;Como tudo que \u00e9 novo, vai ser necess\u00e1ria uma adapta\u00e7\u00e3o. S\u00e3o v\u00e1rias as novas regulamenta\u00e7\u00f5es, sobretudo em rela\u00e7\u00e3o ao parcelamento e uso do solo, entre outras a\u00e7\u00f5es. Vamos estar a postos na prefeitura para elucidar todas as d\u00favidas&rdquo;, informou.<br \/><\/span><span style=\"letter-spacing: -0.02em; line-height: 1.45em; background-color: initial;\"><br \/>Al\u00e9m do vice-prefeito de Apucarana, J\u00fanior da Femac, fizeram parte da frente de honra do evento os cinco vereadores presentes (Jos\u00e9 Airton Deco de Ara\u00fajo, Vladimir Jos\u00e9 da Silva, Ant&ocirc;nio Ananias, Gilberto Cordeiro e Jos\u00e9 Eduardo Antoniassi) e o prefeito de Cambira, Maur\u00edlio dos Santos.<\/span><\/p>\n<p><\/p>\n","protected":false},"excerpt":{"rendered":"<p>Novas diretrizes sancionadas pelo prefeito Beto Preto (PT) entram em vigor quinta-feira &#8211; 1&ordm; de janeiro &#8211; e prometem alavancar setores imobili&aacute;rio e industrial<\/p>\n","protected":false},"author":4,"featured_media":0,"comment_status":"closed","ping_status":"closed","sticky":false,"template":"","format":"standard","meta":{"footnotes":""},"categories":[24],"tags":[],"class_list":["post-2471","post","type-post","status-publish","format-standard","hentry","category-noticias"],"acf":[],"_links":{"self":[{"href":"http:\/\/www.apucarana.pr.gov.br\/site\/wp-json\/wp\/v2\/posts\/2471","targetHints":{"allow":["GET"]}}],"collection":[{"href":"http:\/\/www.apucarana.pr.gov.br\/site\/wp-json\/wp\/v2\/posts"}],"about":[{"href":"http:\/\/www.apucarana.pr.gov.br\/site\/wp-json\/wp\/v2\/types\/post"}],"author":[{"embeddable":true,"href":"http:\/\/www.apucarana.pr.gov.br\/site\/wp-json\/wp\/v2\/users\/4"}],"replies":[{"embeddable":true,"href":"http:\/\/www.apucarana.pr.gov.br\/site\/wp-json\/wp\/v2\/comments?post=2471"}],"version-history":[{"count":1,"href":"http:\/\/www.apucarana.pr.gov.br\/site\/wp-json\/wp\/v2\/posts\/2471\/revisions"}],"predecessor-version":[{"id":104408,"href":"http:\/\/www.apucarana.pr.gov.br\/site\/wp-json\/wp\/v2\/posts\/2471\/revisions\/104408"}],"wp:attachment":[{"href":"http:\/\/www.apucarana.pr.gov.br\/site\/wp-json\/wp\/v2\/media?parent=2471"}],"wp:term":[{"taxonomy":"category","embeddable":true,"href":"http:\/\/www.apucarana.pr.gov.br\/site\/wp-json\/wp\/v2\/categories?post=2471"},{"taxonomy":"post_tag","embeddable":true,"href":"http:\/\/www.apucarana.pr.gov.br\/site\/wp-json\/wp\/v2\/tags?post=2471"}],"curies":[{"name":"wp","href":"https:\/\/api.w.org\/{rel}","templated":true}]}}