{"id":2470,"date":"2014-12-23T17:35:59","date_gmt":"2014-12-23T17:35:59","guid":{"rendered":"http:\/\/172.16.0.7\/site-antigo\/?p=2470"},"modified":"2024-10-08T09:10:27","modified_gmt":"2024-10-08T12:10:27","slug":"agentes-de-endemias-recebem-certificado-de-capacitacao","status":"publish","type":"post","link":"http:\/\/www.apucarana.pr.gov.br\/site\/agentes-de-endemias-recebem-certificado-de-capacitacao\/","title":{"rendered":"Agentes de endemias recebem certificado de capacita\u00e7\u00e3o"},"content":{"rendered":"<p><p><span style=\"letter-spacing: -0.02em; line-height: 1.45em; background-color: initial;\">A Secretaria Municipal de Sa\u00fade realizou hoje (23) a entrega de certificados a 57 agentes de combate a endemias que conclu\u00edram curso de capacita\u00e7\u00e3o oferecido em parceria pela Secretaria de Estado de Sa\u00fade, Centro Formador de Recursos Humanos Caetano Munhoz da Rocha e Autarquia Municipal de Sa\u00fade (AMS). O curso de 400 horas visou o aperfei\u00e7oamento e aprendizado de novas t\u00e9cnicas de combate a endemias, como \u00e9 o caso da dengue.<\/span><\/p>\n<p>O secret\u00e1rio municipal da Sa\u00fade, Roberto Kaneta, agradeceu o empenho e a dedica\u00e7\u00e3o com que a equipe de endemias vem desenvolvendo o combate \u00e0 dengue no munic\u00edpio. &ldquo;Essa capacita\u00e7\u00e3o valoriza mais o trabalho dos agentes, agora atuando com conhecimento maior no combate a doen\u00e7as end\u00eamicas. Vamos entrar num per\u00edodo cr\u00edtico da dengue e voc\u00eas est\u00e3o preparados para fazer um trabalho ainda melhor do que outros anos&rdquo;, disse Kaneta.<\/p>\n<p>O evento, realizado na sala de reuni\u00f5es da Autarquia Municipal de Sa\u00fade, teve tamb\u00e9m as presen\u00e7as do chefe da Divis\u00e3o de Vigil&acirc;ncia em Sa\u00fade da 16\u00aa Regional de Sa\u00fade, Marcos Vinicius Oliveira da Costa, e do superintendente do departamento de Vigil&acirc;ncia em Sa\u00fade, Aguinaldo Aparecido Ribeiro.<\/p>\n<p><\/p>\n","protected":false},"excerpt":{"rendered":"<p>Curso de 400 horas visou o aperfei&ccedil;oamento e aprendizado de novas t&eacute;cnicas de combate a endemias<\/p>\n","protected":false},"author":4,"featured_media":0,"comment_status":"closed","ping_status":"closed","sticky":false,"template":"","format":"standard","meta":{"footnotes":""},"categories":[24],"tags":[],"class_list":["post-2470","post","type-post","status-publish","format-standard","hentry","category-noticias"],"acf":[],"_links":{"self":[{"href":"http:\/\/www.apucarana.pr.gov.br\/site\/wp-json\/wp\/v2\/posts\/2470","targetHints":{"allow":["GET"]}}],"collection":[{"href":"http:\/\/www.apucarana.pr.gov.br\/site\/wp-json\/wp\/v2\/posts"}],"about":[{"href":"http:\/\/www.apucarana.pr.gov.br\/site\/wp-json\/wp\/v2\/types\/post"}],"author":[{"embeddable":true,"href":"http:\/\/www.apucarana.pr.gov.br\/site\/wp-json\/wp\/v2\/users\/4"}],"replies":[{"embeddable":true,"href":"http:\/\/www.apucarana.pr.gov.br\/site\/wp-json\/wp\/v2\/comments?post=2470"}],"version-history":[{"count":1,"href":"http:\/\/www.apucarana.pr.gov.br\/site\/wp-json\/wp\/v2\/posts\/2470\/revisions"}],"predecessor-version":[{"id":104409,"href":"http:\/\/www.apucarana.pr.gov.br\/site\/wp-json\/wp\/v2\/posts\/2470\/revisions\/104409"}],"wp:attachment":[{"href":"http:\/\/www.apucarana.pr.gov.br\/site\/wp-json\/wp\/v2\/media?parent=2470"}],"wp:term":[{"taxonomy":"category","embeddable":true,"href":"http:\/\/www.apucarana.pr.gov.br\/site\/wp-json\/wp\/v2\/categories?post=2470"},{"taxonomy":"post_tag","embeddable":true,"href":"http:\/\/www.apucarana.pr.gov.br\/site\/wp-json\/wp\/v2\/tags?post=2470"}],"curies":[{"name":"wp","href":"https:\/\/api.w.org\/{rel}","templated":true}]}}