{"id":2469,"date":"2014-12-23T16:05:00","date_gmt":"2014-12-23T16:05:00","guid":{"rendered":"http:\/\/172.16.0.7\/site-antigo\/?p=2469"},"modified":"2024-10-08T09:10:27","modified_gmt":"2024-10-08T12:10:27","slug":"correios-confirma-servico-postal-a-novos-bairros-de-apucarana","status":"publish","type":"post","link":"http:\/\/www.apucarana.pr.gov.br\/site\/correios-confirma-servico-postal-a-novos-bairros-de-apucarana\/","title":{"rendered":"Correios confirma servi\u00e7o postal a novos bairros de Apucarana"},"content":{"rendered":"<p><p><span style=\"letter-spacing: -0.02em; line-height: 1.45em; background-color: initial;\">A Coordenadoria Regional de Opera\u00e7\u00f5es do Correios oficiou o prefeito Beto Preto (PT) de que em breve vai poder expandir o atendimento os bairros Sumatra I e II e Ja\u00e7an\u00e3. <\/p>\n<p>O pleito da popula\u00e7\u00e3o, vinha sendo intermediado pela administra\u00e7\u00e3o municipal. &ldquo;Os servi\u00e7os ser\u00e3o expandidos t\u00e3o logo sejam contratados e treinados os novos carteiros, no primeiro trimestre de 2015&rdquo;, informou Areovaldo Alves de Figueiredo, diretor Regional, atrav\u00e9s de of\u00edcio. <\/p>\n<p>Juntos, os tr\u00eas bairros totalizam 1.301 moradias.<\/span><\/p>\n<p><\/p>\n","protected":false},"excerpt":{"rendered":"<p>O pleito da popula&ccedil;&atilde;o, vinha sendo intermediado pela administra&ccedil;&atilde;o municipal<\/p>\n","protected":false},"author":4,"featured_media":0,"comment_status":"closed","ping_status":"closed","sticky":false,"template":"","format":"standard","meta":{"footnotes":""},"categories":[24],"tags":[],"class_list":["post-2469","post","type-post","status-publish","format-standard","hentry","category-noticias"],"acf":[],"_links":{"self":[{"href":"http:\/\/www.apucarana.pr.gov.br\/site\/wp-json\/wp\/v2\/posts\/2469","targetHints":{"allow":["GET"]}}],"collection":[{"href":"http:\/\/www.apucarana.pr.gov.br\/site\/wp-json\/wp\/v2\/posts"}],"about":[{"href":"http:\/\/www.apucarana.pr.gov.br\/site\/wp-json\/wp\/v2\/types\/post"}],"author":[{"embeddable":true,"href":"http:\/\/www.apucarana.pr.gov.br\/site\/wp-json\/wp\/v2\/users\/4"}],"replies":[{"embeddable":true,"href":"http:\/\/www.apucarana.pr.gov.br\/site\/wp-json\/wp\/v2\/comments?post=2469"}],"version-history":[{"count":1,"href":"http:\/\/www.apucarana.pr.gov.br\/site\/wp-json\/wp\/v2\/posts\/2469\/revisions"}],"predecessor-version":[{"id":104410,"href":"http:\/\/www.apucarana.pr.gov.br\/site\/wp-json\/wp\/v2\/posts\/2469\/revisions\/104410"}],"wp:attachment":[{"href":"http:\/\/www.apucarana.pr.gov.br\/site\/wp-json\/wp\/v2\/media?parent=2469"}],"wp:term":[{"taxonomy":"category","embeddable":true,"href":"http:\/\/www.apucarana.pr.gov.br\/site\/wp-json\/wp\/v2\/categories?post=2469"},{"taxonomy":"post_tag","embeddable":true,"href":"http:\/\/www.apucarana.pr.gov.br\/site\/wp-json\/wp\/v2\/tags?post=2469"}],"curies":[{"name":"wp","href":"https:\/\/api.w.org\/{rel}","templated":true}]}}