{"id":2468,"date":"2014-12-23T11:37:00","date_gmt":"2014-12-23T11:37:00","guid":{"rendered":"http:\/\/172.16.0.7\/site-antigo\/?p=2468"},"modified":"2024-10-08T09:10:27","modified_gmt":"2024-10-08T12:10:27","slug":"odontologia-fecha-o-ano-com-1-5-mil-proteses-dentarias-entregues","status":"publish","type":"post","link":"http:\/\/www.apucarana.pr.gov.br\/site\/odontologia-fecha-o-ano-com-1-5-mil-proteses-dentarias-entregues\/","title":{"rendered":"Odontologia fecha o ano com 1,5 mil pr\u00f3teses dent\u00e1rias entregues"},"content":{"rendered":"<\/p>\n<p>De fevereiro a dezembro deste ano, o Departamento de Odontologia da Autarquia Municipal de Sa\u00fade (AMS) produziu e entregou 1.526 pr\u00f3teses dent\u00e1rias, realizando 5.664 procedimentos e atendendo 4.270 pacientes. O balan\u00e7o foi feito nesta ter\u00e7a-feira (23\/12), quando foram entregues mais 52 pr\u00f3teses a pacientes das regi\u00f5es da Vila Regina e Jardim Ponta Grossa. O ato ocorreu no Centro de Especialidades Odontol\u00f3gicas, localizado no pr\u00e9dio da AMS, e teve por objetivo zerar a espera nas unidades b\u00e1sicas de sa\u00fade destas regi\u00f5es.<\/p>\n<p>Na gest\u00e3o anterior, em 2012, foram entregues 748 pr\u00f3teses, n\u00famero que subiu para 1.126 em 2013 e chegou neste ano a 1.526. O prefeito de Apucarana, Beto Preto, afirma que o n\u00famero \u00e9 mais o dobro do que era produzido e entregue na gest\u00e3o anterior. Segundo ele, uma das principais estrat\u00e9gias para ampliar a quantidade de pessoas beneficiadas foi a descentraliza\u00e7\u00e3o do atendimento. &ldquo;Antes as pessoas que moram na zona rural ou em bairros mais distantes tinham que se deslocar at\u00e9 o pr\u00e9dio da Autarquia. Agora, a nossa equipe vai at\u00e9 as comunidades e realiza mutir\u00f5es, zerando a fila de espera nessas unidades b\u00e1sicas de sa\u00fade&rdquo;, frisa Beto Preto. <\/p>\n<p>Em 2014, o mutir\u00e3o chegou ao Distrito de Correia de Freitas, ao Distrito de S\u00e3o Domingos, ao N\u00facleo Habitacional Paz e Bem e aos idosos do Lar S\u00e3o Vicente de Paulo. &ldquo;Recomenda-se que as pr\u00f3teses sejam trocadas a cada 5 anos, mas encontramos casos que elas n\u00e3o eram trocadas h\u00e1 mais de 30 anos. Por isso, a import&acirc;ncia da descentraliza\u00e7\u00e3o do atendimento, pois estamos levando as pr\u00f3teses dent\u00e1rias \u00e0s comunidades mais afastadas, facilitando o acesso ao servi\u00e7o&rdquo;, ressalta o prefeito.<\/p>\n<p>De acordo com o diretor do Departamento Municipal de Odontologia, Dr. Em\u00eddio Bachiega, mensalmente s\u00e3o entregues entre 120 e 150 pr\u00f3teses dent\u00e1rias. . &ldquo;Temos atuado em regime de mutir\u00e3o, mas tamb\u00e9m recebemos encaminhamentos individuais feitos pelas pr\u00f3prias equipes de Sa\u00fade Bucal das unidades de sa\u00fade. Em m\u00e9dia, moldamos diariamente de 8 a 10 novas pr\u00f3teses, devolvendo o sorriso \u00e0s pessoas em apenas alguns dias, o que at\u00e9 ent\u00e3o poderia demorar meses&rdquo;, detalha Bachiega.<\/p>\n<p>Um dos exemplos de encaminhamentos individuais \u00e9 o de Maria Helena Bossa, moradora do N\u00facleo Habitacional Adriano Correia. &ldquo;Eu estava tendo que colar a pr\u00f3tese e fiquei uns cinco meses nesta situa\u00e7\u00e3o. Ent\u00e3o, o dentista da unidade b\u00e1sica de sa\u00fade me encaminhou e o problema foi resolvido numa semana. Foi muito bom pois eu n\u00e3o teria condi\u00e7\u00f5es de pagar por ela&rdquo;, relata Maria Helena.<\/p>\n<p>No setor privado, uma pr\u00f3tese dent\u00e1ria custaria cerca de R$ 700, artigo que no servi\u00e7o p\u00fablico \u00e9 fornecido gratuitamente. Isso ocorre gra\u00e7as a recursos encaminhados pelo governo federal e contrapartida do Munic\u00edpio, atrav\u00e9s de profissionais da pr\u00f3pria Autarquia Municipal de Sa\u00fade. Nelson Krinchev (cirurgi\u00e3o dentista e especialista em pr\u00f3tese) e Valdir Firman (prot\u00e9tico) lembram que a pr\u00f3tese \u00e9 feita com dente de resina composta e dupla prensagem, o que garante maior durabilidade. <\/p>\n<p>Segundo eles, no pr\u00f3ximo ano o trabalho de descentraliza\u00e7\u00e3o ter\u00e1 continuidade. &ldquo;As pr\u00f3ximas regi\u00f5es a serem atendidas s\u00e3o o Distrito do Barreiro e o Jardim Marissol&rdquo;, anunciam. Al\u00e9m disso, haver\u00e1 mais inova\u00e7\u00f5es. &ldquo;Ser\u00e1 feita licita\u00e7\u00e3o para a reestrutura\u00e7\u00e3o do Laborat\u00f3rio Municipal de Pr\u00f3teses Dent\u00e1rias e vamos iniciar o atendimento domiciliar, permitindo o acesso ao servi\u00e7o a acamados e cadeirantes&rdquo;, finalizam. <\/p>\n<p><span><\/span><\/p>\n<p><\/p>\n","protected":false},"excerpt":{"rendered":"<p>N&uacute;mero &eacute; dobro do que era produzido e entregue na gest&atilde;o anterior<\/p>\n","protected":false},"author":4,"featured_media":0,"comment_status":"closed","ping_status":"closed","sticky":false,"template":"","format":"standard","meta":{"footnotes":""},"categories":[24],"tags":[],"class_list":["post-2468","post","type-post","status-publish","format-standard","hentry","category-noticias"],"acf":[],"_links":{"self":[{"href":"http:\/\/www.apucarana.pr.gov.br\/site\/wp-json\/wp\/v2\/posts\/2468","targetHints":{"allow":["GET"]}}],"collection":[{"href":"http:\/\/www.apucarana.pr.gov.br\/site\/wp-json\/wp\/v2\/posts"}],"about":[{"href":"http:\/\/www.apucarana.pr.gov.br\/site\/wp-json\/wp\/v2\/types\/post"}],"author":[{"embeddable":true,"href":"http:\/\/www.apucarana.pr.gov.br\/site\/wp-json\/wp\/v2\/users\/4"}],"replies":[{"embeddable":true,"href":"http:\/\/www.apucarana.pr.gov.br\/site\/wp-json\/wp\/v2\/comments?post=2468"}],"version-history":[{"count":1,"href":"http:\/\/www.apucarana.pr.gov.br\/site\/wp-json\/wp\/v2\/posts\/2468\/revisions"}],"predecessor-version":[{"id":104411,"href":"http:\/\/www.apucarana.pr.gov.br\/site\/wp-json\/wp\/v2\/posts\/2468\/revisions\/104411"}],"wp:attachment":[{"href":"http:\/\/www.apucarana.pr.gov.br\/site\/wp-json\/wp\/v2\/media?parent=2468"}],"wp:term":[{"taxonomy":"category","embeddable":true,"href":"http:\/\/www.apucarana.pr.gov.br\/site\/wp-json\/wp\/v2\/categories?post=2468"},{"taxonomy":"post_tag","embeddable":true,"href":"http:\/\/www.apucarana.pr.gov.br\/site\/wp-json\/wp\/v2\/tags?post=2468"}],"curies":[{"name":"wp","href":"https:\/\/api.w.org\/{rel}","templated":true}]}}