{"id":2467,"date":"2014-12-22T18:45:59","date_gmt":"2014-12-22T18:45:59","guid":{"rendered":"http:\/\/172.16.0.7\/site-antigo\/?p=2467"},"modified":"2024-10-08T09:10:27","modified_gmt":"2024-10-08T12:10:27","slug":"jardim-milani-ganha-asfalto-depois-de-38-anos-de-espera","status":"publish","type":"post","link":"http:\/\/www.apucarana.pr.gov.br\/site\/jardim-milani-ganha-asfalto-depois-de-38-anos-de-espera\/","title":{"rendered":"Jardim Milani ganha asfalto depois de 38 anos de espera"},"content":{"rendered":"<p><p><span style=\"letter-spacing: -0.02em; line-height: 1.45em; background-color: initial;\">Em solenidade realizada no final da tarde de s\u00e1bado, o prefeito Beto Preto, acompanhado de seu vice, Junior da Femac e de secret\u00e1rios, fez a entrega das obras de drenagem e pavimenta\u00e7\u00e3o do Jardim Milani. Os moradores do bairro esperavam pelo asfalto h\u00e1 38 anos.<\/span><\/p>\n<p>As obras foram viabilizadas com recursos pr\u00f3prios do Munic\u00edpio, ao custo de R$ 560 mil. Foram realizados servi\u00e7os de drenagem, com a implanta\u00e7\u00e3o de rede de galeria pluvial, constru\u00e7\u00e3o de meios-fios, al\u00e9m da pavimenta\u00e7\u00e3o com base de 15 cent\u00edmetros em brita graduada e camada de tr\u00eas cent\u00edmetros de CBUQ (Concreto Betuminoso Usinado a Quente).<\/p>\n<p>&ldquo;Conseguimos pavimentar mais um bairro, com sobras de recursos obtidas a partir de um rigoroso controle de gastos. E agora as fam\u00edlias do Jardim Milani deixam para tr\u00e1s o sofrimento de 38 anos de conviv\u00eancia com a lama e a poeira&rdquo;, comentou o prefeito Beto Preto.<\/p>\n<p>Foram asfaltadas as ruas Jer&ocirc;nimo Milano de Freitas, M\u00e1rio Giublin, Valdivo Jos\u00e9 Teixeira, Francisco Coelho Vilela e Honorato Rossi.<\/p>\n<p>A dona de casa Odila Gomes, moradora no bairro h\u00e1 34 anos, esteve presente no ato e fez quest\u00e3o de prestar agradecimento. &ldquo;O prefeito Beto Preto \u00e9 um homem de palavra. Ele esteve aqui em agosto e anunciou que at\u00e9 o Natal tudo estaria asfaltado&rdquo;, comemorou Dona Odila.<\/p>\n<p>Maria Pagani de oliveira e Geni Galdino tamb\u00e9m agradeceram pelo asfalto, lembrando que vans escolares e ambul&acirc;ncias n\u00e3o desciam no Jardim Milani e que at\u00e9 pessoas doentes precisavam ser carregadas por parentes e amigos.<\/p>\n<p><\/p>\n","protected":false},"excerpt":{"rendered":"<p>Obra foi realizada com recursos pr&oacute;prios do munic&iacute;pio <\/p>\n","protected":false},"author":4,"featured_media":0,"comment_status":"closed","ping_status":"closed","sticky":false,"template":"","format":"standard","meta":{"footnotes":""},"categories":[24],"tags":[],"class_list":["post-2467","post","type-post","status-publish","format-standard","hentry","category-noticias"],"acf":[],"_links":{"self":[{"href":"http:\/\/www.apucarana.pr.gov.br\/site\/wp-json\/wp\/v2\/posts\/2467","targetHints":{"allow":["GET"]}}],"collection":[{"href":"http:\/\/www.apucarana.pr.gov.br\/site\/wp-json\/wp\/v2\/posts"}],"about":[{"href":"http:\/\/www.apucarana.pr.gov.br\/site\/wp-json\/wp\/v2\/types\/post"}],"author":[{"embeddable":true,"href":"http:\/\/www.apucarana.pr.gov.br\/site\/wp-json\/wp\/v2\/users\/4"}],"replies":[{"embeddable":true,"href":"http:\/\/www.apucarana.pr.gov.br\/site\/wp-json\/wp\/v2\/comments?post=2467"}],"version-history":[{"count":1,"href":"http:\/\/www.apucarana.pr.gov.br\/site\/wp-json\/wp\/v2\/posts\/2467\/revisions"}],"predecessor-version":[{"id":104412,"href":"http:\/\/www.apucarana.pr.gov.br\/site\/wp-json\/wp\/v2\/posts\/2467\/revisions\/104412"}],"wp:attachment":[{"href":"http:\/\/www.apucarana.pr.gov.br\/site\/wp-json\/wp\/v2\/media?parent=2467"}],"wp:term":[{"taxonomy":"category","embeddable":true,"href":"http:\/\/www.apucarana.pr.gov.br\/site\/wp-json\/wp\/v2\/categories?post=2467"},{"taxonomy":"post_tag","embeddable":true,"href":"http:\/\/www.apucarana.pr.gov.br\/site\/wp-json\/wp\/v2\/tags?post=2467"}],"curies":[{"name":"wp","href":"https:\/\/api.w.org\/{rel}","templated":true}]}}