{"id":24669,"date":"2019-07-02T12:39:38","date_gmt":"2019-07-02T15:39:38","guid":{"rendered":"http:\/\/172.16.0.7\/site-antigo\/?p=24669"},"modified":"2024-10-08T09:19:05","modified_gmt":"2024-10-08T12:19:05","slug":"apucarana-prepara-estrutura-para-fase-final-dos-jeps","status":"publish","type":"post","link":"http:\/\/www.apucarana.pr.gov.br\/site\/apucarana-prepara-estrutura-para-fase-final-dos-jeps\/","title":{"rendered":"Apucarana prepara estrutura para fase final dos JEPs"},"content":{"rendered":"<p>Ser\u00e3o 18 locais de competi\u00e7\u00e3o, 35 estruturas para alojamento, 17 modalidades esportivas em disputa e 5 mil atletas, professores e dirigentes. Esses s\u00e3o os principais n\u00fameros da fase final dos 66\u00ba Jogos Abertos do Paran\u00e1 (JEPs), que ser\u00e1 disputada em Apucarana no per\u00edodo de 12 a 20 de julho, reunindo atletas na faixa et\u00e1ria dos 12 a 14 anos. Para mais uma vez acolher bem as delega\u00e7\u00f5es, a Prefeitura est\u00e1 preparando toda a estrutura, atrav\u00e9s de um trabalho em conjunto de diversas secretarias.<br \/>\nDe acordo com o prefeito Junior da Femac, a coordena\u00e7\u00e3o estadual fez uma vistoria recentemente na estrutura e solicitou pequenos ajustes. \u201cComo Apucarana vem sediando com freq\u00fc\u00eancia diversas competi\u00e7\u00f5es, a nossa equipe tem experi\u00eancia e j\u00e1 atingiu um \u00f3timo n\u00edvel na organiza\u00e7\u00e3o dos jogos escolares. Al\u00e9m disso, as pra\u00e7as esportivas s\u00e3o utilizadas regularmente para treinamentos e, por conseq\u00fc\u00eancia, est\u00e3o sendo necess\u00e1rios fazer somente pequenos reparos para garantir conforto e seguran\u00e7a aos atletas\u201d, reitera Junior da Femac.<br \/>\nJunior da Femac afirma que Apucarana est\u00e1 cada vez mais se consolidando como refer\u00eancia na organiza\u00e7\u00e3o de competi\u00e7\u00f5es escolares. \u201cToda essa caminhada que visa resgatar o esporte em Apucarana come\u00e7ou em 2013, no in\u00edcio da gest\u00e3o do prefeito Beto Preto. Al\u00e9m das finais nos Jogos Escolares, Apucarana sediou finais dos Jogos da Juventude, Jogos Abertos e do Bom de Bola. Com mais essa fase final, Apucarana ter\u00e1 recebido mais de 40 mil atletas neste per\u00edodo, movimentando restaurantes, hot\u00e9is e o com\u00e9rcio local\u201d, ressalta Junior da Femac.<br \/>\n<strong>CONGRESSO T\u00c9CNICO \u2013<\/strong> De acordo com a secret\u00e1ria municipal de Esportes e Lazer, Jossuela Pinheiro, a documenta\u00e7\u00e3o dos atletas dever\u00e1 ser entregue at\u00e9 esta quinta-feira (04\/07). J\u00e1 o congresso t\u00e9cnico da fase final dos 66\u00ba JEPs acontecer\u00e1 nesta sexta-feira, \u00e0s 9 horas, no Centro da Juventude.<br \/>\n<strong>ABERTURA &#8211;<\/strong> A abertura do evento acontecer\u00e1 no dia 12, \u00e0s 20 horas, no gin\u00e1sio de esportes do Complexo Esportivo Jos\u00e9 Ant\u00f4nio Basso (Lago\u00e3o), e contar\u00e1 com um show de enterradas de basquetebol e acrobacias do grupo \u201cGinasloucos\u201d.<br \/>\nA secret\u00e1ria Jossuela destaca que a abertura ser\u00e1 festiva, com a presen\u00e7a mais uma vez do grupo \u201cGinasloucos\u201d, como j\u00e1 havia acontecido em 2017. \u201c\u00c9 uma apresenta\u00e7\u00e3o imperd\u00edvel, que conduz os expectadores para um momento m\u00e1gico, sendo uma oportunidade de entretenimento para p\u00fablico e atletas\u201d, salienta Jossuela.<br \/>\n<strong>ALIMENTA\u00c7\u00c3O \u2013<\/strong> As refei\u00e7\u00f5es dos atletas, professores e dirigentes s\u00e3o uma responsabilidade do governo do Estado. \u201cO caf\u00e9 da manh\u00e3 ser\u00e1 servido nos locais de alojamento, enquanto o almo\u00e7o e o jantar ser\u00e1 no refeit\u00f3rio instalado no Clube de Campo \u00c1gua Azul\u201d, informa Jossuela.<br \/>\n<strong>CENTRO DE CONVIV\u00caNCIA \u2013<\/strong> Os atletas ter\u00e3o um espa\u00e7o especial de entretenimento, confraterniza\u00e7\u00e3o e intera\u00e7\u00e3o entre as delega\u00e7\u00f5es. \u201cTrata-se do Centro de Conviv\u00eancia, que tamb\u00e9m ser\u00e1 disponibilizado no Clube de Campo \u00c1gua Azul. \u00c9 um espa\u00e7o que ter\u00e1 video game, m\u00fasica e jogos como t\u00eanis de mesa e ping pong\u201d, cita a secret\u00e1ria.<br \/>\n<strong>MODALIDADES \u2013<\/strong> Como Apucarana \u00e9 sede dos jogos, automaticamente adquiriu o direito de participar de todas as modalidades esportivas. \u201cDesta forma, estaremos representados por cerca de 300 atletas, abrangendo o atletismo, badminton, basquetebol, bocha, ciclismo, futsal, gin\u00e1stica r\u00edtmica, Golf 7, handebol, jud\u00f4, karat\u00ea, taekwondo, nata\u00e7\u00e3o, t\u00eanis de mesa, voleibol, v\u00f4lei de praia e xadrez\u201d, frisa Jossuela.<br \/>\n<strong>LOCAIS DE COMPETI\u00c7\u00c3O \u2013<\/strong> Apae, 30\u00ba BIMec, Caic, Clube de Campo \u00c1gua Azul, Sesi, Country Clube, Parque Jabobi, Estrada Ant\u00f4nio Jos\u00e9 de Oliveira, Sesc e Complexo Esportivo Jos\u00e9 Ant\u00f4nio Basso (Lago\u00e3o). Tamb\u00e9m ser\u00e3o palco de jogos col\u00e9gios estaduais (Alberto Santos Dumont, Ant\u00f4nio dos Tr\u00eas Reis de Oliveira, Nilo Cairo e Professor Izidoro Luiz Cer\u00e1volo) e particulares (Mater Dei, Nossa Senhora da Gl\u00f3ria, Plat\u00e3o e S\u00e3o Jos\u00e9).<br \/>\n&nbsp;<\/p>\n","protected":false},"excerpt":{"rendered":"<p>A abertura do evento acontecer\u00e1 no dia 12, \u00e0s 20 horas, no gin\u00e1sio de esportes do Lago\u00e3o, e contar\u00e1 com um show de enterradas e acrobacias do grupo \u201cGinasloucos\u201d. (Fotos: Josias Profeta)<\/p>\n","protected":false},"author":4,"featured_media":24670,"comment_status":"closed","ping_status":"open","sticky":false,"template":"","format":"standard","meta":{"footnotes":""},"categories":[24],"tags":[],"class_list":["post-24669","post","type-post","status-publish","format-standard","has-post-thumbnail","hentry","category-noticias"],"acf":[],"_links":{"self":[{"href":"http:\/\/www.apucarana.pr.gov.br\/site\/wp-json\/wp\/v2\/posts\/24669","targetHints":{"allow":["GET"]}}],"collection":[{"href":"http:\/\/www.apucarana.pr.gov.br\/site\/wp-json\/wp\/v2\/posts"}],"about":[{"href":"http:\/\/www.apucarana.pr.gov.br\/site\/wp-json\/wp\/v2\/types\/post"}],"author":[{"embeddable":true,"href":"http:\/\/www.apucarana.pr.gov.br\/site\/wp-json\/wp\/v2\/users\/4"}],"replies":[{"embeddable":true,"href":"http:\/\/www.apucarana.pr.gov.br\/site\/wp-json\/wp\/v2\/comments?post=24669"}],"version-history":[{"count":1,"href":"http:\/\/www.apucarana.pr.gov.br\/site\/wp-json\/wp\/v2\/posts\/24669\/revisions"}],"predecessor-version":[{"id":100360,"href":"http:\/\/www.apucarana.pr.gov.br\/site\/wp-json\/wp\/v2\/posts\/24669\/revisions\/100360"}],"wp:featuredmedia":[{"embeddable":true,"href":"http:\/\/www.apucarana.pr.gov.br\/site\/wp-json\/"}],"wp:attachment":[{"href":"http:\/\/www.apucarana.pr.gov.br\/site\/wp-json\/wp\/v2\/media?parent=24669"}],"wp:term":[{"taxonomy":"category","embeddable":true,"href":"http:\/\/www.apucarana.pr.gov.br\/site\/wp-json\/wp\/v2\/categories?post=24669"},{"taxonomy":"post_tag","embeddable":true,"href":"http:\/\/www.apucarana.pr.gov.br\/site\/wp-json\/wp\/v2\/tags?post=24669"}],"curies":[{"name":"wp","href":"https:\/\/api.w.org\/{rel}","templated":true}]}}