{"id":2466,"date":"2014-12-22T14:19:59","date_gmt":"2014-12-22T14:19:59","guid":{"rendered":"http:\/\/172.16.0.7\/site-antigo\/?p=2466"},"modified":"2024-10-08T09:10:27","modified_gmt":"2024-10-08T12:10:27","slug":"servidores-da-educacao-recebem-avanco-funcional","status":"publish","type":"post","link":"http:\/\/www.apucarana.pr.gov.br\/site\/servidores-da-educacao-recebem-avanco-funcional\/","title":{"rendered":"Servidores da Educa\u00e7\u00e3o recebem avan\u00e7o funcional"},"content":{"rendered":"<p><p><span style=\"letter-spacing: -0.02em; line-height: 1.45em; background-color: initial;\">O prefeito Beto Preto (PT) assinou nesta segunda-feira (22\/12) a Portaria n\u00ba 689\/2014-SRH. O documento concede avan\u00e7o funcional a 329 servidores da Autarquia Municipal de Educa\u00e7\u00e3o (AME) e coloca fim a uma espera de 17 anos por parte dos trabalhadores. &ldquo;Com este ato, que \u00e9 um compromisso que assumi com a categoria na campanha, deixo a administra\u00e7\u00e3o em conformidade com a Lei Municipal n\u00ba 058\/97, de 10 de julho de 1997, que institui o Sistema de Cargos e Carreira do Funcionalismo P\u00fablico Municipal e que foi por todos esses anos, no que tange aos avan\u00e7os, negligenciada pelos prefeitos que me antecederam. Estou cumprindo com o que os outros n\u00e3o cumpriram&rdquo;, relatou Beto.<br \/><\/span><span style=\"letter-spacing: -0.02em; line-height: 1.45em; background-color: initial;\"><br \/>Ele esclarece que &ldquo;Avan\u00e7o Funcional&rdquo; \u00e9 a passagem do servidor a n\u00edvel de vencimento imediatamente superior, por for\u00e7a do tempo de servi\u00e7o, considerado o interst\u00edcio de 24 meses para cada n\u00edvel. &ldquo;Cada cargo possui seu n\u00edvel salarial base, tamb\u00e9m previsto em lei municipal&rdquo;, explica o gestor.<br \/><\/span><span style=\"letter-spacing: -0.02em; line-height: 1.45em; background-color: initial;\"><br \/>Est\u00e3o sendo beneficiados com a concess\u00e3o do direito, 205 auxiliares de servi\u00e7os gerais, 64 atendentes de creche, 21 oper\u00e1rios, 15 assistentes administrativos, 13 motoristas de ve\u00edculo pesado, sete auxiliares de servi\u00e7os administrativos, dois motoristas de ve\u00edculo leve, um carpinteiro e uma pedagoga. O impacto a maior na folha de pagamento \u00e9 de cerca de R$50 mil e o pagamento \u00e9 retroativos ao m\u00eas de novembro. &ldquo;Lembramos que todos os professores j\u00e1 recebem os devidos avan\u00e7os dentro de plano de cargos espec\u00edfico da categoria&rdquo;, pontua o prefeito, destacando que j\u00e1 h\u00e1 em andamento estudo para, gradativamente a partir do pr\u00f3ximo ano, conceder os avan\u00e7os devidos aos servidores da administra\u00e7\u00e3o direta.<br \/><\/span><span style=\"letter-spacing: -0.02em; line-height: 1.45em; background-color: initial;\"><br \/>O ato em que o prefeito autorizou o pagamento do avan\u00e7o funcional aos servidores da Autarquia Municipal de Educa\u00e7\u00e3o (AME) contou com a presen\u00e7a da Dr. Eliana Martinez de Freitas, superintendente Jur\u00eddica da AME, do vereador Vladimir Jos\u00e9 da Silva e do diretor-propriet\u00e1rio da R\u00e1dio 98,3 FM, Valmor Ign\u00e1cio Giavarina.<br \/><\/span><span style=\"letter-spacing: -0.02em; line-height: 1.45em; background-color: initial;\"><br \/><b>Sal\u00e1rio<\/b><\/span><span style=\"letter-spacing: -0.02em; line-height: 1.45em; background-color: initial;\"> &ndash; O prefeito Beto Preto confirmou ainda o pagamento antecipado do sal\u00e1rio, f\u00e9rias e do ter\u00e7o de f\u00e9rias referente ao m\u00eas de dezembro a todos os cerca de 3 mil servidores municipais. &ldquo;A remunera\u00e7\u00e3o dos servidores vai estar creditada em conta j\u00e1 nesta ter\u00e7a-feira, totalizando R$9,5 milh\u00f5es de reais. O repasse antes do Natal e festividades de fim de ano \u00e9 uma forma que encontramos para retribuir a gratid\u00e3o pelo empenho de todos ao longo deste ano&rdquo;, comunicou. <\/p>\n<p>De acordo com ele, R$4.495.000,00 corresponde \u00e0 Autarquia Municipal de Educa\u00e7\u00e3o (AME); R$2.283.000,00 \u00e0 Prefeitura de Apucarana; R$2.275.000,00 \u00e0 Autarquia Municipal de Sa\u00fade (AMS); e R$48.000,00 ao Instituto de Desenvolvimento, Pesquisa e Planejamento de Apucarana (Idepplan). &ldquo;Lembrando que o pagamento aos servidores da Autarquia dos Servi\u00e7os Funer\u00e1rios de Apucarana (Aserfa) \u00e9 feito pela prefeitura&rdquo;, finalizou.<\/span><\/p>\n<p><\/p>\n","protected":false},"excerpt":{"rendered":"<p>&ldquo;Avan&ccedil;o Funcional&rdquo; &eacute; a passagem do servidor a n&iacute;vel de vencimento imediatamente superior, por for&ccedil;a do tempo de servi&ccedil;o, considerado o interst&iacute;cio de 24 meses para cada n&iacute;vel<\/p>\n","protected":false},"author":4,"featured_media":0,"comment_status":"closed","ping_status":"closed","sticky":false,"template":"","format":"standard","meta":{"footnotes":""},"categories":[24],"tags":[],"class_list":["post-2466","post","type-post","status-publish","format-standard","hentry","category-noticias"],"acf":[],"_links":{"self":[{"href":"http:\/\/www.apucarana.pr.gov.br\/site\/wp-json\/wp\/v2\/posts\/2466","targetHints":{"allow":["GET"]}}],"collection":[{"href":"http:\/\/www.apucarana.pr.gov.br\/site\/wp-json\/wp\/v2\/posts"}],"about":[{"href":"http:\/\/www.apucarana.pr.gov.br\/site\/wp-json\/wp\/v2\/types\/post"}],"author":[{"embeddable":true,"href":"http:\/\/www.apucarana.pr.gov.br\/site\/wp-json\/wp\/v2\/users\/4"}],"replies":[{"embeddable":true,"href":"http:\/\/www.apucarana.pr.gov.br\/site\/wp-json\/wp\/v2\/comments?post=2466"}],"version-history":[{"count":1,"href":"http:\/\/www.apucarana.pr.gov.br\/site\/wp-json\/wp\/v2\/posts\/2466\/revisions"}],"predecessor-version":[{"id":104413,"href":"http:\/\/www.apucarana.pr.gov.br\/site\/wp-json\/wp\/v2\/posts\/2466\/revisions\/104413"}],"wp:attachment":[{"href":"http:\/\/www.apucarana.pr.gov.br\/site\/wp-json\/wp\/v2\/media?parent=2466"}],"wp:term":[{"taxonomy":"category","embeddable":true,"href":"http:\/\/www.apucarana.pr.gov.br\/site\/wp-json\/wp\/v2\/categories?post=2466"},{"taxonomy":"post_tag","embeddable":true,"href":"http:\/\/www.apucarana.pr.gov.br\/site\/wp-json\/wp\/v2\/tags?post=2466"}],"curies":[{"name":"wp","href":"https:\/\/api.w.org\/{rel}","templated":true}]}}