{"id":24658,"date":"2019-07-02T08:39:24","date_gmt":"2019-07-02T11:39:24","guid":{"rendered":"http:\/\/172.16.0.7\/site-antigo\/?p=24658"},"modified":"2024-10-08T09:19:05","modified_gmt":"2024-10-08T12:19:05","slug":"apucarana-participara-de-torneio-internacional-de-futebol-infantil","status":"publish","type":"post","link":"http:\/\/www.apucarana.pr.gov.br\/site\/apucarana-participara-de-torneio-internacional-de-futebol-infantil\/","title":{"rendered":"Apucarana participar\u00e1 de torneio  internacional de futebol infantil"},"content":{"rendered":"<p>A equipe Wolves Soccer ser\u00e1 a \u00fanica equipe do Paran\u00e1 que participar\u00e1 do 3\u00ba Torneio Internacional de Futebol Infantil (Dani Cup), que acontecer\u00e1 de 12 a 19 de julho, em Mirassol (SP). A equipe de Apucarana disputar\u00e1 a competi\u00e7\u00e3o de futebol su\u00ed\u00e7o com times como La Coru\u00f1a, Boca J\u00faniors, Colo Colo, Penharol, Ol\u00edmpia, Gr\u00eamio, Atl\u00e9tico Mineiro, Santos e Palmeiras.<br \/>\nA not\u00edcia foi confirmada pelo professor de educa\u00e7\u00e3o f\u00edsica Smaily Frizo e diretor da Wolves Soccer, que nesta segunda-feira (01\/07) esteve reunido com o prefeito de Apucarana. \u201cTemos muito orgulho de ter uma escola de futebol em Apucarana capaz de se organizar e de se preparar para participar de uma competi\u00e7\u00e3o deste n\u00edvel\u201d, frisa Junior da Femac.<br \/>\nA Wolves competir\u00e1 no interior paulista nas categorias sub-8, sub-9, sub-10 e sub-12. \u201cA delega\u00e7\u00e3o ser\u00e1 formada por quarenta atletas, mais 5 membros da comiss\u00e3o t\u00e9cnica e um grupo de 33 pais. A equipe est\u00e1 buscando apoio junto a empres\u00e1rios, pais e Prefeitura. E n\u00f3s vamos ajudar naquilo que for poss\u00edvel\u201d, garantiu Junior da Femac.<br \/>\nO prefeito de Apucarana lembra que Apucarana \u00e9 um celeiro de talentos e muitos atletas treinados pela Wolves est\u00e3o sendo monitorados por grandes equipes, como Santos e Athletico Paranaense. \u201cAl\u00e9m daqueles que s\u00e3o de Apucarana, a Wolves treina atletas que v\u00eam de outros munic\u00edpios, como Arapongas, Grandes Rios, Novo Itacolomi, Calif\u00f3rnia e Sarandi\u201d, cita Junior da Femac.<br \/>\nNo ano passado pela mesma competi\u00e7\u00e3o, o time apucaranense disputou a categoria sub-9. \u201cFomos muito bem na primeira fase e acabamos sendo eliminados na semifinal da chave ouro pelo Gr\u00eamio de Porto Alegre\u201d, destaca Smaily, que hoje comanda quase 200 garotos no Clube de Campo \u00c1gua Azul.<br \/>\nA delega\u00e7\u00e3o da Wolves que viajar\u00e1 para o interior de S\u00e3o Paulo contar\u00e1 com um educador f\u00edsico, preparador de goleiros, auxiliar t\u00e9cnico, nutricionista e fisioterapeuta. \u201cDamos todo o suporte necess\u00e1rio e isso gera custos. Por isso, estamos pedindo o apoio de pais, empres\u00e1rios, Prefeitura e tamb\u00e9m recorrendo a promo\u00e7\u00f5es\u201d, refor\u00e7a Smaily.<\/p>\n","protected":false},"excerpt":{"rendered":"<p>A equipe Wolves Soccer disputar\u00e1 com times como La Coru\u00f1a, Boca J\u00faniors, Colo Colo, Penharol, Ol\u00edmpia, Gr\u00eamio, Atl\u00e9tico Mineiro, Santos e Palmeiras. (Fotos: Josias Profeta)<\/p>\n","protected":false},"author":4,"featured_media":24660,"comment_status":"closed","ping_status":"open","sticky":false,"template":"","format":"standard","meta":{"footnotes":""},"categories":[24],"tags":[],"class_list":["post-24658","post","type-post","status-publish","format-standard","has-post-thumbnail","hentry","category-noticias"],"acf":[],"_links":{"self":[{"href":"http:\/\/www.apucarana.pr.gov.br\/site\/wp-json\/wp\/v2\/posts\/24658","targetHints":{"allow":["GET"]}}],"collection":[{"href":"http:\/\/www.apucarana.pr.gov.br\/site\/wp-json\/wp\/v2\/posts"}],"about":[{"href":"http:\/\/www.apucarana.pr.gov.br\/site\/wp-json\/wp\/v2\/types\/post"}],"author":[{"embeddable":true,"href":"http:\/\/www.apucarana.pr.gov.br\/site\/wp-json\/wp\/v2\/users\/4"}],"replies":[{"embeddable":true,"href":"http:\/\/www.apucarana.pr.gov.br\/site\/wp-json\/wp\/v2\/comments?post=24658"}],"version-history":[{"count":1,"href":"http:\/\/www.apucarana.pr.gov.br\/site\/wp-json\/wp\/v2\/posts\/24658\/revisions"}],"predecessor-version":[{"id":100361,"href":"http:\/\/www.apucarana.pr.gov.br\/site\/wp-json\/wp\/v2\/posts\/24658\/revisions\/100361"}],"wp:featuredmedia":[{"embeddable":true,"href":"http:\/\/www.apucarana.pr.gov.br\/site\/wp-json\/"}],"wp:attachment":[{"href":"http:\/\/www.apucarana.pr.gov.br\/site\/wp-json\/wp\/v2\/media?parent=24658"}],"wp:term":[{"taxonomy":"category","embeddable":true,"href":"http:\/\/www.apucarana.pr.gov.br\/site\/wp-json\/wp\/v2\/categories?post=24658"},{"taxonomy":"post_tag","embeddable":true,"href":"http:\/\/www.apucarana.pr.gov.br\/site\/wp-json\/wp\/v2\/tags?post=24658"}],"curies":[{"name":"wp","href":"https:\/\/api.w.org\/{rel}","templated":true}]}}