{"id":2465,"date":"2014-12-22T10:50:59","date_gmt":"2014-12-22T10:50:59","guid":{"rendered":"http:\/\/172.16.0.7\/site-antigo\/?p=2465"},"modified":"2024-10-08T09:10:27","modified_gmt":"2024-10-08T12:10:27","slug":"ato-que-oficializa-novo-plano-diretor-e-adiado","status":"publish","type":"post","link":"http:\/\/www.apucarana.pr.gov.br\/site\/ato-que-oficializa-novo-plano-diretor-e-adiado\/","title":{"rendered":"Ato que oficializa novo Plano Diretor \u00e9 adiado"},"content":{"rendered":"<p><p>Por causa do mau tempo, a solenidade que colocaria oficialmente em vigor o novo Plano Diretor de Apucarana foi adiada. O projeto de lei, votado e aprovado pela C&acirc;mara de Vereadores, foi amplamente discutido em audi\u00eancias p\u00fablicas e seria sancionado nesta segunda-feira pelo prefeito de Apucarana, Beto Preto. O ato estava previsto para acontecer no sal\u00e3o social da Associa\u00e7\u00e3o Cultural e Esportiva de Apucarana (ACEA), com a presen\u00e7a da sociedade civil organizada de Apucarana, incluindo autoridades do Executivo, Legislativo e Judici\u00e1rio.<\/p>\n<p>De acordo com o prefeito Beto Preto, uma nova data ser\u00e1 agendada e comunicada oportunamente. Al\u00e9m da divulga\u00e7\u00e3o na imprensa, a assessoria municipal de gabinete est\u00e1 emitindo comunicados sobre o adiamento \u00e0s entidades, como a Associa\u00e7\u00e3o Comercial, Ind\u00fastria e de Servi\u00e7os (Acia), CREA-PR, OAB, Sivale, Sivana, Associa\u00e7\u00e3o de Engenheiros e Arquitetos, empres\u00e1rios da constru\u00e7\u00e3o civil e do segmento imobili\u00e1rio, entre outros.<\/p>\n<p><\/p>\n","protected":false},"excerpt":{"rendered":"<p>Evento aconteceria hoje, mas por causa do mau tempo outra data ser&aacute; agendada e comunicada oportunamente<\/p>\n","protected":false},"author":4,"featured_media":0,"comment_status":"closed","ping_status":"closed","sticky":false,"template":"","format":"standard","meta":{"footnotes":""},"categories":[24],"tags":[],"class_list":["post-2465","post","type-post","status-publish","format-standard","hentry","category-noticias"],"acf":[],"_links":{"self":[{"href":"http:\/\/www.apucarana.pr.gov.br\/site\/wp-json\/wp\/v2\/posts\/2465","targetHints":{"allow":["GET"]}}],"collection":[{"href":"http:\/\/www.apucarana.pr.gov.br\/site\/wp-json\/wp\/v2\/posts"}],"about":[{"href":"http:\/\/www.apucarana.pr.gov.br\/site\/wp-json\/wp\/v2\/types\/post"}],"author":[{"embeddable":true,"href":"http:\/\/www.apucarana.pr.gov.br\/site\/wp-json\/wp\/v2\/users\/4"}],"replies":[{"embeddable":true,"href":"http:\/\/www.apucarana.pr.gov.br\/site\/wp-json\/wp\/v2\/comments?post=2465"}],"version-history":[{"count":1,"href":"http:\/\/www.apucarana.pr.gov.br\/site\/wp-json\/wp\/v2\/posts\/2465\/revisions"}],"predecessor-version":[{"id":104414,"href":"http:\/\/www.apucarana.pr.gov.br\/site\/wp-json\/wp\/v2\/posts\/2465\/revisions\/104414"}],"wp:attachment":[{"href":"http:\/\/www.apucarana.pr.gov.br\/site\/wp-json\/wp\/v2\/media?parent=2465"}],"wp:term":[{"taxonomy":"category","embeddable":true,"href":"http:\/\/www.apucarana.pr.gov.br\/site\/wp-json\/wp\/v2\/categories?post=2465"},{"taxonomy":"post_tag","embeddable":true,"href":"http:\/\/www.apucarana.pr.gov.br\/site\/wp-json\/wp\/v2\/tags?post=2465"}],"curies":[{"name":"wp","href":"https:\/\/api.w.org\/{rel}","templated":true}]}}