{"id":2464,"date":"2014-12-22T09:02:59","date_gmt":"2014-12-22T09:02:59","guid":{"rendered":"http:\/\/172.16.0.7\/site-antigo\/?p=2464"},"modified":"2024-10-08T09:10:27","modified_gmt":"2024-10-08T12:10:27","slug":"samu-enfrenta-problemas-no-sistema-de-telefonia","status":"publish","type":"post","link":"http:\/\/www.apucarana.pr.gov.br\/site\/samu-enfrenta-problemas-no-sistema-de-telefonia\/","title":{"rendered":"SAMU enfrenta problemas no sistema de telefonia"},"content":{"rendered":"<p><p>Desde a madrugada desta segunda-feira (22\/12), a regional Apucarana do Servi\u00e7o de Atendimento M\u00f3vel de Urg\u00eancia (Samu) est\u00e1 enfrentando problemas no sistema de telefonia. De acordo com o coordenador de enfermagem, Miqu\u00e9ias Romagnolo, o SAMU n\u00e3o est\u00e1 recebendo nem fazendo chamadas. O enfermeiro pede a compreens\u00e3o da popula\u00e7\u00e3o, solicitando que momentaneamente as pessoas liguem para o Corpo de Bombeiros. &ldquo;Acreditamos que o problema est\u00e1 na operadora de telefonia. Pedimos para que as pessoas liguem para o 193, que \u00e9 o n\u00famero do Corpo de Bombeiros e eles, ent\u00e3o, nos acionar\u00e3o pelo sistema de r\u00e1dio&rdquo;, orienta Miqu\u00e9ias.<\/p>\n<p><\/p>\n","protected":false},"excerpt":{"rendered":"<p>A orienta&ccedil;&atilde;o &eacute; que as pessoas liguem para o 193, do Corpo de Bombeiros, at&eacute; que o sistema seja restabelecido<\/p>\n","protected":false},"author":4,"featured_media":0,"comment_status":"closed","ping_status":"closed","sticky":false,"template":"","format":"standard","meta":{"footnotes":""},"categories":[24],"tags":[],"class_list":["post-2464","post","type-post","status-publish","format-standard","hentry","category-noticias"],"acf":[],"_links":{"self":[{"href":"http:\/\/www.apucarana.pr.gov.br\/site\/wp-json\/wp\/v2\/posts\/2464","targetHints":{"allow":["GET"]}}],"collection":[{"href":"http:\/\/www.apucarana.pr.gov.br\/site\/wp-json\/wp\/v2\/posts"}],"about":[{"href":"http:\/\/www.apucarana.pr.gov.br\/site\/wp-json\/wp\/v2\/types\/post"}],"author":[{"embeddable":true,"href":"http:\/\/www.apucarana.pr.gov.br\/site\/wp-json\/wp\/v2\/users\/4"}],"replies":[{"embeddable":true,"href":"http:\/\/www.apucarana.pr.gov.br\/site\/wp-json\/wp\/v2\/comments?post=2464"}],"version-history":[{"count":1,"href":"http:\/\/www.apucarana.pr.gov.br\/site\/wp-json\/wp\/v2\/posts\/2464\/revisions"}],"predecessor-version":[{"id":104415,"href":"http:\/\/www.apucarana.pr.gov.br\/site\/wp-json\/wp\/v2\/posts\/2464\/revisions\/104415"}],"wp:attachment":[{"href":"http:\/\/www.apucarana.pr.gov.br\/site\/wp-json\/wp\/v2\/media?parent=2464"}],"wp:term":[{"taxonomy":"category","embeddable":true,"href":"http:\/\/www.apucarana.pr.gov.br\/site\/wp-json\/wp\/v2\/categories?post=2464"},{"taxonomy":"post_tag","embeddable":true,"href":"http:\/\/www.apucarana.pr.gov.br\/site\/wp-json\/wp\/v2\/tags?post=2464"}],"curies":[{"name":"wp","href":"https:\/\/api.w.org\/{rel}","templated":true}]}}