{"id":24637,"date":"2019-07-01T13:10:16","date_gmt":"2019-07-01T16:10:16","guid":{"rendered":"http:\/\/172.16.0.7\/site-antigo\/?p=24637"},"modified":"2024-10-08T09:19:05","modified_gmt":"2024-10-08T12:19:05","slug":"festa-da-cerejeira-recebe-publico-de-mais-de-25-mil-pessoas","status":"publish","type":"post","link":"http:\/\/www.apucarana.pr.gov.br\/site\/festa-da-cerejeira-recebe-publico-de-mais-de-25-mil-pessoas\/","title":{"rendered":"Festa da cerejeira recebe p\u00fablico de mais de 25 mil pessoas"},"content":{"rendered":"<p>Nos quatro dias do evento, a 25\u00aa Festa da Cerejeira recebeu um p\u00fablico de mais de 25 mil pessoas. Foram registradas caravanas de 23 munic\u00edpios paranaenses e tamb\u00e9m de uma de Florian\u00f3polis (SC) que veio especialmente para participar da programa\u00e7\u00e3o.<br \/>\nA 25\u00aa edi\u00e7\u00e3o do tradicional evento, que foi aberta na sexta-feira e encerrada no domingo na Associa\u00e7\u00e3o Cultural e Esportiva de Apucarana (Acea), contou com diversas atra\u00e7\u00f5es, como apresenta\u00e7\u00f5es art\u00edsticas e comidas t\u00edpicas.<br \/>\nPara o prefeito Junior da Femac, a Associa\u00e7\u00e3o Cultural e Esportiva de Apucarana (ACEA) realizou mais uma vez, com pleno \u00eaxito, a Festa da Cerejeira que, neste ano de 2019, completou seu Jubileu de Prata. \u201cTrata-se do maior evento festivo de Apucarana. E muito mais que isso considerando que, por for\u00e7a de lei proposta pelo ex-prefeito Beto Preto, a Festa da Cerejeira se tornou Patrim\u00f4nio Hist\u00f3rico, Cultural e Art\u00edstico de Apucarana\u201d, assinala Junior da Femac.<br \/>\nSegundo ele, a festa preserva a cultura e as tradi\u00e7\u00f5es do povo japon\u00eas, mas tamb\u00e9m serve para celebrar a amizade com o povo brasileiro. \u201cMais uma vez recebemos em Apucarana milhares de visitantes de todo o Paran\u00e1 e at\u00e9 de outros estados. E devemos tudo isso a nossa col\u00f4nia japonesa que recepcionou a todos com muita cortesia e carinho na Festa da Cerejeira\u201d, avaliou o prefeito.<br \/>\nSatio Kayukawa, coordenador da festa, lembra que o clima contribuiu e muitas fam\u00edlias, al\u00e9m de participar da programa\u00e7\u00e3o nas depend\u00eancias da Acea, aproveitaram para conferir a florada das cerejeiras no Parque Jaboti e tamb\u00e9m em outros locais.<br \/>\nVieram caravanas de Paranava\u00ed, Nova Esperan\u00e7a, Uniflor, Maring\u00e1, Marialva, Cianorte, Jandaia do Sul, Borraz\u00f3polis, Quinta do Sol, Barbosa Ferraz, S\u00e3o Jo\u00e3o do Iva\u00ed, Ivaipor\u00e3, Faxinal, Ros\u00e1rio do Iva\u00ed, Arapongas, Londrina, Assa\u00ed, Ibipor\u00e3, Ura\u00ed, Corn\u00e9lio Proc\u00f3pio, Bandeirantes, Ponta Grossa, Guarapuava e Florian\u00f3polis (SC).<br \/>\nSatio ressalta que a festa \u00e9 tradicional e faz parte do calend\u00e1rio tur\u00edstico do Paran\u00e1, sendo conhecida em todo o Brasil. \u201cA caravana de Florian\u00f3polis veio especialmente para a festa, que \u00e9 conhecida em todo o Brasil. \u00c9 um evento tradicional e familiar. As pessoas gostam de participar, dizendo que se sentem muito bem e que existe calor humano\u201d, frisa Satio.<br \/>\nDe acordo com o presidente da Acea, Keniti Ishida, a festa esteve repleta de atra\u00e7\u00f5es. \u201cEntre elas, a apresenta\u00e7\u00e3o internacional do artista japon\u00eas Reison Kuroda que se apresentou usando o shakuhachi, instrumento oriental semelhante a uma flauta\u201d, cita Ishida.<br \/>\nTamb\u00e9m houve a palestra\u00a0 com o jornalista da Rede Globo, Clayton Conservani, sobre limites extremos. Al\u00e9m disso, aconteceram apresenta\u00e7\u00f5es de grupos de Londrina e de Maring\u00e1 que s\u00e3o conhecidos nacionalmente, como o da Associa\u00e7\u00e3o Cultural e Recreativa Okinawa de Londrina, e ainda de entidades e escolas de Apucarana.<br \/>\nIshida lembra que este ano a Festa da Cerejeira comemorou seu jubileu de prata e frisa a import\u00e2ncia do evento que, ao longo de 25 anos, valoriza a cultura japonesa em Apucarana, atraindo grande p\u00fablico da regi\u00e3o. \u201cEsse evento acontece gra\u00e7as ao esfor\u00e7o dos associados, volunt\u00e1rios, ind\u00fastria, com\u00e9rcio e da Prefeitura que sempre nos apoiam\u201d, salienta.<\/p>\n","protected":false},"excerpt":{"rendered":"<p>Foram registradas caravanas de 23 munic\u00edpios paranaenses e tamb\u00e9m de uma de Florian\u00f3polis (SC) que veio especialmente para participar da programa\u00e7\u00e3o. (Fotos: Josias Profeta)<\/p>\n","protected":false},"author":4,"featured_media":24639,"comment_status":"closed","ping_status":"open","sticky":false,"template":"","format":"standard","meta":{"footnotes":""},"categories":[24],"tags":[],"class_list":["post-24637","post","type-post","status-publish","format-standard","has-post-thumbnail","hentry","category-noticias"],"acf":[],"_links":{"self":[{"href":"http:\/\/www.apucarana.pr.gov.br\/site\/wp-json\/wp\/v2\/posts\/24637","targetHints":{"allow":["GET"]}}],"collection":[{"href":"http:\/\/www.apucarana.pr.gov.br\/site\/wp-json\/wp\/v2\/posts"}],"about":[{"href":"http:\/\/www.apucarana.pr.gov.br\/site\/wp-json\/wp\/v2\/types\/post"}],"author":[{"embeddable":true,"href":"http:\/\/www.apucarana.pr.gov.br\/site\/wp-json\/wp\/v2\/users\/4"}],"replies":[{"embeddable":true,"href":"http:\/\/www.apucarana.pr.gov.br\/site\/wp-json\/wp\/v2\/comments?post=24637"}],"version-history":[{"count":1,"href":"http:\/\/www.apucarana.pr.gov.br\/site\/wp-json\/wp\/v2\/posts\/24637\/revisions"}],"predecessor-version":[{"id":100364,"href":"http:\/\/www.apucarana.pr.gov.br\/site\/wp-json\/wp\/v2\/posts\/24637\/revisions\/100364"}],"wp:featuredmedia":[{"embeddable":true,"href":"http:\/\/www.apucarana.pr.gov.br\/site\/wp-json\/"}],"wp:attachment":[{"href":"http:\/\/www.apucarana.pr.gov.br\/site\/wp-json\/wp\/v2\/media?parent=24637"}],"wp:term":[{"taxonomy":"category","embeddable":true,"href":"http:\/\/www.apucarana.pr.gov.br\/site\/wp-json\/wp\/v2\/categories?post=24637"},{"taxonomy":"post_tag","embeddable":true,"href":"http:\/\/www.apucarana.pr.gov.br\/site\/wp-json\/wp\/v2\/tags?post=24637"}],"curies":[{"name":"wp","href":"https:\/\/api.w.org\/{rel}","templated":true}]}}