{"id":2463,"date":"2014-12-20T11:53:00","date_gmt":"2014-12-20T11:53:00","guid":{"rendered":"http:\/\/172.16.0.7\/site-antigo\/?p=2463"},"modified":"2024-10-08T09:10:27","modified_gmt":"2024-10-08T12:10:27","slug":"plano-diretor-sera-sancionado-nesta-segunda-feira","status":"publish","type":"post","link":"http:\/\/www.apucarana.pr.gov.br\/site\/plano-diretor-sera-sancionado-nesta-segunda-feira\/","title":{"rendered":"Plano Diretor ser\u00e1 sancionado nesta segunda-feira"},"content":{"rendered":"<p><p><span style=\"letter-spacing: -0.02em; line-height: 1.45em; background-color: initial;\">Ap\u00f3s quase um ano de discuss\u00f5es e v\u00e1rias audi\u00eancias p\u00fablicas, o novo Plano Diretor de Apucarana passa a vigorar em janeiro de 2015. O projeto de lei foi votado e aprovado pela C&acirc;mara de Vereadores e, em solenidade agendada para esta segunda-feira (22), \u00e0s 19H30, no sal\u00e3o social da Associa\u00e7\u00e3o Cultural e Esportiva de Apucarana (ACEA), ser\u00e1 sancionado pelo prefeito Beto Preto.<\/span><\/p>\n<p>Do ato devem participar representantes de toda a sociedade civil organizada de Apucarana, incluindo autoridades do Executivo, Legislativo e Judici\u00e1rio. Tamb\u00e9m prestigiam o evento membros da Associa\u00e7\u00e3o Comercial, Ind\u00fastria e de Servi\u00e7os (Acia), CREA-PR, OAB, Sivale, Sivana, Associa\u00e7\u00e3o de Engenheiros e Arquitetos, empres\u00e1rios da constru\u00e7\u00e3o civil e do segmento imobili\u00e1rio, entre outros.<\/p>\n<p>A san\u00e7\u00e3o da nova lei ser\u00e1 precedida de uma breve apresenta\u00e7\u00e3o das inova\u00e7\u00f5es do Plano Diretor de Apucarana. Para o prefeito Beto Preto as mudan\u00e7as devem contribuir para fomentar o desenvolvimento econ&ocirc;mico da cidade, com novas \u00e1reas para industrializa\u00e7\u00e3o e para verticaliza\u00e7\u00e3o.<\/p>\n<p><\/p>\n","protected":false},"excerpt":{"rendered":"<p>Do ato devem participar representantes de toda a sociedade civil organizada de Apucarana<\/p>\n","protected":false},"author":4,"featured_media":0,"comment_status":"closed","ping_status":"closed","sticky":false,"template":"","format":"standard","meta":{"footnotes":""},"categories":[24],"tags":[],"class_list":["post-2463","post","type-post","status-publish","format-standard","hentry","category-noticias"],"acf":[],"_links":{"self":[{"href":"http:\/\/www.apucarana.pr.gov.br\/site\/wp-json\/wp\/v2\/posts\/2463","targetHints":{"allow":["GET"]}}],"collection":[{"href":"http:\/\/www.apucarana.pr.gov.br\/site\/wp-json\/wp\/v2\/posts"}],"about":[{"href":"http:\/\/www.apucarana.pr.gov.br\/site\/wp-json\/wp\/v2\/types\/post"}],"author":[{"embeddable":true,"href":"http:\/\/www.apucarana.pr.gov.br\/site\/wp-json\/wp\/v2\/users\/4"}],"replies":[{"embeddable":true,"href":"http:\/\/www.apucarana.pr.gov.br\/site\/wp-json\/wp\/v2\/comments?post=2463"}],"version-history":[{"count":1,"href":"http:\/\/www.apucarana.pr.gov.br\/site\/wp-json\/wp\/v2\/posts\/2463\/revisions"}],"predecessor-version":[{"id":104417,"href":"http:\/\/www.apucarana.pr.gov.br\/site\/wp-json\/wp\/v2\/posts\/2463\/revisions\/104417"}],"wp:attachment":[{"href":"http:\/\/www.apucarana.pr.gov.br\/site\/wp-json\/wp\/v2\/media?parent=2463"}],"wp:term":[{"taxonomy":"category","embeddable":true,"href":"http:\/\/www.apucarana.pr.gov.br\/site\/wp-json\/wp\/v2\/categories?post=2463"},{"taxonomy":"post_tag","embeddable":true,"href":"http:\/\/www.apucarana.pr.gov.br\/site\/wp-json\/wp\/v2\/tags?post=2463"}],"curies":[{"name":"wp","href":"https:\/\/api.w.org\/{rel}","templated":true}]}}