{"id":2462,"date":"2014-12-20T14:26:00","date_gmt":"2014-12-20T14:26:00","guid":{"rendered":"http:\/\/172.16.0.7\/site-antigo\/?p=2462"},"modified":"2024-10-08T09:10:27","modified_gmt":"2024-10-08T12:10:27","slug":"professores-concluem-pos-graduacao-em-gestao-escolar","status":"publish","type":"post","link":"http:\/\/www.apucarana.pr.gov.br\/site\/professores-concluem-pos-graduacao-em-gestao-escolar\/","title":{"rendered":"Professores concluem p\u00f3s-gradua\u00e7\u00e3o em gest\u00e3o escolar"},"content":{"rendered":"<p><p><span style=\"letter-spacing: -0.02em; line-height: 1.45em; background-color: initial;\">Noventa e cinco profissionais da Autarquia Municipal de Educa\u00e7\u00e3o (AME), entre diretoras e coordenadoras das escolas e CMEIs, receberam na noite de ontem seus diplomas de conclus\u00e3o do curso de p\u00f3s-gradua\u00e7\u00e3o em &ldquo;Gest\u00e3o escolar nos desafios da educa\u00e7\u00e3o integral contempor&acirc;nea&rdquo;. A sess\u00e3o solene, realizada no audit\u00f3rio da Facnopar, foi marcada pela emo\u00e7\u00e3o das formandas, ap\u00f3s dezoito meses de estudos e apresenta\u00e7\u00e3o do Trabalho de Conclus\u00e3o de Curso (TCC) \u00e0s bancas examinadoras.<\/span><\/p>\n<p>A especializa\u00e7\u00e3o (Lato Senso) foi ofertada pela AME, sem custos para os professores, um fato in\u00e9dito na rede municipal de ensino. Com carga hor\u00e1ria de 370 horas, o curso foi iniciado em julho de 2013 com aulas ministradas por docentes mestres e doutores de diversas institui\u00e7\u00f5es, incluindo v\u00e1rios da Universidade Federal do Paran\u00e1 (UFPR), Universidade Estadual de Londrina (UEL), Universidade Estadual de Maring\u00e1 (UEM) e da pr\u00f3pria Facnopar.<\/p>\n<p>A iniciativa, segundo a diretora-presidente da AME e tamb\u00e9m coordenadora da p\u00f3s-gradua\u00e7\u00e3o, professora Marli Regina Fernandes da Silva, teve como objetivo capacitar os administradores das unidades escolares para que eles possam exercer uma gest\u00e3o democr\u00e1tica embasada na legalidade. &ldquo;Isso representa um grande avan\u00e7o para os nossos profissionais e representa melhor aprendizado para os nossos 12 mil alunos&rdquo;, avalia.<\/p>\n<p>Conforme destaca Marli Regina Fernandes da Silva, as diretoras, coordenadoras e orientadores est\u00e3o agora melhor preparadas para lidar com documenta\u00e7\u00e3o e plano de aulas, al\u00e9m de mais inteiradas acerca das novas tend\u00eancias pedag\u00f3gicas, baseada nas reflex\u00f5es dos alunos. Marli ainda acrescenta que a forma\u00e7\u00e3o continuada dos servidores \u00e9 tamb\u00e9m uma exig\u00eancia do prefeito Beto Preto. &ldquo;Constantemente, ele nos pede para investirmos n\u00e3o apenas na estrutura f\u00edsica das nossas unidades escolares, mas tamb\u00e9m no capital humano da educa\u00e7\u00e3o, que s\u00e3o as professoras, merendeiras, auxiliares de limpeza, secret\u00e1rias e todos os demais servidores da AME&rdquo;, assinala.<\/p>\n<p>A coordenadora acad\u00eamica da Facnopar, professora Maria de Lourdes Braguetto, discursou no evento e enalteceu a proposta desta especializa\u00e7\u00e3o. &ldquo;As diretoras e coordenadoras trabalharam com a realidade atual das demandas nas suas escolas. Fa\u00e7o quest\u00e3o de parabenizar o prefeito Beto Preto e a secret\u00e1ria Marli Fernandes pela oferta gratuita desta p\u00f3s-gradua\u00e7\u00e3o aos professores&rdquo;, destacou. <br \/>A ementa da p\u00f3s-gradua\u00e7\u00e3o contemplou desde fundamentos te\u00f3ricos, com temas como Hist\u00f3ria da Educa\u00e7\u00e3o Brasileira e Pol\u00edticas P\u00fablicas Municipais, at\u00e9 quest\u00f5es referentes \u00e0 gest\u00e3o humana, gest\u00e3o pedag\u00f3gica e gest\u00e3o organizacional. As aulas foram todas presenciais e, como trabalho de conclus\u00e3o de curso, os participantes realizaram a revitaliza\u00e7\u00e3o do Projeto Pol\u00edtico Pedag\u00f3gico (PPP), do Regimento e Regulamento Escolar e do Plano de A\u00e7\u00e3o 2013\/2016 das escolas e CMEIs em que atuam.<\/p>\n<p>Na mesma solenidade, foram entregues os certificados de forma\u00e7\u00e3o continuada para vinte e cinco professores da disciplina de L\u00edngua Inglesa da AME. &ldquo;A partir de agora, o Ingl\u00eas passa a ser ofertado em todas as 36 escolas municipais, al\u00e9m de todos os CMEIs&rdquo;, anunciou o prefeito Beto Preto.<\/p>\n<p><\/p>\n","protected":false},"excerpt":{"rendered":"<p>A especializa&ccedil;&atilde;o foi ofertada gratuitamente pela AME a 95 diretoras, coordenadoras e orientadoras<\/p>\n","protected":false},"author":4,"featured_media":0,"comment_status":"closed","ping_status":"closed","sticky":false,"template":"","format":"standard","meta":{"footnotes":""},"categories":[24],"tags":[],"class_list":["post-2462","post","type-post","status-publish","format-standard","hentry","category-noticias"],"acf":[],"_links":{"self":[{"href":"http:\/\/www.apucarana.pr.gov.br\/site\/wp-json\/wp\/v2\/posts\/2462","targetHints":{"allow":["GET"]}}],"collection":[{"href":"http:\/\/www.apucarana.pr.gov.br\/site\/wp-json\/wp\/v2\/posts"}],"about":[{"href":"http:\/\/www.apucarana.pr.gov.br\/site\/wp-json\/wp\/v2\/types\/post"}],"author":[{"embeddable":true,"href":"http:\/\/www.apucarana.pr.gov.br\/site\/wp-json\/wp\/v2\/users\/4"}],"replies":[{"embeddable":true,"href":"http:\/\/www.apucarana.pr.gov.br\/site\/wp-json\/wp\/v2\/comments?post=2462"}],"version-history":[{"count":1,"href":"http:\/\/www.apucarana.pr.gov.br\/site\/wp-json\/wp\/v2\/posts\/2462\/revisions"}],"predecessor-version":[{"id":104416,"href":"http:\/\/www.apucarana.pr.gov.br\/site\/wp-json\/wp\/v2\/posts\/2462\/revisions\/104416"}],"wp:attachment":[{"href":"http:\/\/www.apucarana.pr.gov.br\/site\/wp-json\/wp\/v2\/media?parent=2462"}],"wp:term":[{"taxonomy":"category","embeddable":true,"href":"http:\/\/www.apucarana.pr.gov.br\/site\/wp-json\/wp\/v2\/categories?post=2462"},{"taxonomy":"post_tag","embeddable":true,"href":"http:\/\/www.apucarana.pr.gov.br\/site\/wp-json\/wp\/v2\/tags?post=2462"}],"curies":[{"name":"wp","href":"https:\/\/api.w.org\/{rel}","templated":true}]}}