{"id":2461,"date":"2014-12-19T15:42:00","date_gmt":"2014-12-19T15:42:00","guid":{"rendered":"http:\/\/172.16.0.7\/site-antigo\/?p=2461"},"modified":"2024-10-08T09:10:27","modified_gmt":"2024-10-08T12:10:27","slug":"feira-da-agricultura-familiar-e-opcao-para-esta-sexta-e-sabado","status":"publish","type":"post","link":"http:\/\/www.apucarana.pr.gov.br\/site\/feira-da-agricultura-familiar-e-opcao-para-esta-sexta-e-sabado\/","title":{"rendered":"Feira da Agricultura Familiar \u00e9 op\u00e7\u00e3o para esta sexta e s\u00e1bado"},"content":{"rendered":"<\/p>\n<p><span style=\"letter-spacing: -0.02em; line-height: 1.45em; background-color: initial;\">Uma mostra do potencial produtivo e diversificado das pequenas propriedades de Apucarana est\u00e1 exposta na Pra\u00e7a Rui Barbosa desde a \u00faltima quinta-feira. &Eacute; a 2\u00aa Feira da Agricultura Familiar, uma iniciativa da Secretaria Municipal de Agricultura, que tem atra\u00eddo grande p\u00fablico e chega ao fim neste s\u00e1bado, com funcionamento das 8 \u00e0s 18 horas. A meta da administra\u00e7\u00e3o municipal \u00e9 fixar a feira no calend\u00e1rio de final de ano e transform\u00e1-la em evento tradicional. &ldquo;E pelo interesse dos produtores e popula\u00e7\u00e3o percebemos que ela tem tudo para isto. Sendo um cen\u00e1rio aconchegante, onde \u00e9 poss\u00edvel apreciarmos v\u00e1rios produtos da agricultura familiar, al\u00e9m de gastronomia e shows art\u00edsticos rurais&rdquo;, pontua o prefeito Beto Preto (PT).<br \/><\/span><span style=\"letter-spacing: -0.02em; line-height: 1.45em; background-color: initial;\"><br \/>O secret\u00e1rio da Agricultura, Jo\u00e3o Carmo da Fonseca, destaca a intera\u00e7\u00e3o social e econ&ocirc;mica conquistada pelo evento. &ldquo;No ano passado realizamos a primeira experi\u00eancia e vimos que deu muito certo, com grande feedback de ambos os lados. Ficamos bastante contentes com a intera\u00e7\u00e3o entre as comunidades rural e urbana fomentadas por esta iniciativa&rdquo;, comemora Fonseca. Ele conta que o Instituto Emater tamb\u00e9m est\u00e1 presente na feira com agricultores expondo produtos do projeto da agroind\u00fastria familiar. &ldquo;Os que comparecerem \u00e0 Pra\u00e7a Rui Barbosa neste s\u00e1bado tamb\u00e9m v\u00e3o ter acesso \u00e0<\/span><span style=\"letter-spacing: -0.02em; line-height: 1.45em; background-color: initial;\"> barracas de flores, artesanato, produtos org&acirc;nicos, caf\u00e9, meliponicultura, panifica\u00e7\u00e3o, leite e derivados, entre outros.<br \/><\/span><span style=\"letter-spacing: -0.02em; line-height: 1.45em; background-color: initial;\"><br \/>A Secretaria Municipal da Agricultura tamb\u00e9m mant\u00e9m um escrit\u00f3rio volante no local, onde exp\u00f5e os <\/span><span style=\"letter-spacing: -0.02em; line-height: 1.45em; background-color: initial;\">programas governamentais que desenvolve em prol do desenvolvimento rural local e distribu\u00ed mudas de cerejeira, quaresmeira, aroeira salsa. &ldquo;Al\u00e9m disto, tamb\u00e9m estamos repassando \u00e0 popula\u00e7\u00e3o mudas de citronela e sementes de crotal\u00e1ria, a\u00e7\u00e3o que faz parte do Programa de Combate \u00e0 Dengue&rdquo;, finaliza o secret\u00e1rio.<br \/><\/span><span style=\"letter-spacing: -0.02em; line-height: 1.45em; background-color: initial;\"><br \/>Dentre as a\u00e7\u00f5es governamentais de destaque fomentadas pela prefeitura em favor da agricultura familiar est\u00e3o o Programa Terra Forte (distribui\u00e7\u00e3o de mudas de \u00e1rvores e outras plantas frut\u00edferas), curso de cultivo de produtos org&acirc;nicos e a meliponicultura (abelha sem ferr\u00e3o). Mais informa\u00e7\u00f5es podem ser obtidas de segunda a sexta-feira, das 8 \u00e0s 18 horas, pelo telefone 3423-5020.<\/span><\/p><\/p>\n","protected":false},"excerpt":{"rendered":"<p>Os que comparecerem &agrave; Pra&ccedil;a Rui Barbosa neste s&aacute;bado tamb&eacute;m v&atilde;o ter acesso &agrave; barracas de flores, produtos org&acirc;nicos, caf&eacute;, meliponicultura, panifica&ccedil;&atilde;o, leite e derivados, entre outros<\/p>\n","protected":false},"author":4,"featured_media":0,"comment_status":"closed","ping_status":"closed","sticky":false,"template":"","format":"standard","meta":{"footnotes":""},"categories":[24],"tags":[],"class_list":["post-2461","post","type-post","status-publish","format-standard","hentry","category-noticias"],"acf":[],"_links":{"self":[{"href":"http:\/\/www.apucarana.pr.gov.br\/site\/wp-json\/wp\/v2\/posts\/2461","targetHints":{"allow":["GET"]}}],"collection":[{"href":"http:\/\/www.apucarana.pr.gov.br\/site\/wp-json\/wp\/v2\/posts"}],"about":[{"href":"http:\/\/www.apucarana.pr.gov.br\/site\/wp-json\/wp\/v2\/types\/post"}],"author":[{"embeddable":true,"href":"http:\/\/www.apucarana.pr.gov.br\/site\/wp-json\/wp\/v2\/users\/4"}],"replies":[{"embeddable":true,"href":"http:\/\/www.apucarana.pr.gov.br\/site\/wp-json\/wp\/v2\/comments?post=2461"}],"version-history":[{"count":1,"href":"http:\/\/www.apucarana.pr.gov.br\/site\/wp-json\/wp\/v2\/posts\/2461\/revisions"}],"predecessor-version":[{"id":104418,"href":"http:\/\/www.apucarana.pr.gov.br\/site\/wp-json\/wp\/v2\/posts\/2461\/revisions\/104418"}],"wp:attachment":[{"href":"http:\/\/www.apucarana.pr.gov.br\/site\/wp-json\/wp\/v2\/media?parent=2461"}],"wp:term":[{"taxonomy":"category","embeddable":true,"href":"http:\/\/www.apucarana.pr.gov.br\/site\/wp-json\/wp\/v2\/categories?post=2461"},{"taxonomy":"post_tag","embeddable":true,"href":"http:\/\/www.apucarana.pr.gov.br\/site\/wp-json\/wp\/v2\/tags?post=2461"}],"curies":[{"name":"wp","href":"https:\/\/api.w.org\/{rel}","templated":true}]}}