{"id":2460,"date":"2014-12-19T14:01:59","date_gmt":"2014-12-19T14:01:59","guid":{"rendered":"http:\/\/172.16.0.7\/site-antigo\/?p=2460"},"modified":"2024-10-08T09:10:27","modified_gmt":"2024-10-08T12:10:27","slug":"educacao-de-apucarana-libera-edital-de-concurso-publico","status":"publish","type":"post","link":"http:\/\/www.apucarana.pr.gov.br\/site\/educacao-de-apucarana-libera-edital-de-concurso-publico\/","title":{"rendered":"Educa\u00e7\u00e3o de Apucarana libera edital de concurso p\u00fablico"},"content":{"rendered":"<\/p>\n<p><span style=\"letter-spacing: -0.02em; line-height: 1.45em; background-color: initial;\">A Autarquia Municipal de Educa\u00e7\u00e3o (AME), da Prefeitura de Apucarana, anuncia para esta segunda-feira (22\/12) a disponibiliza\u00e7\u00e3o do edital que vai nortear o concurso p\u00fablico que visa a contrata\u00e7\u00e3o, sob o regime estatut\u00e1rio, de 25 professores para os anos iniciais do ensino fundamental (1\u00aa ao 5\u00ba ano) com carga hor\u00e1ria 20 horas semanais e 17 assistentes infantis com carga hor\u00e1ria de 40 horas semanais. Para ambos os cargos a taxa de inscri\u00e7\u00e3o \u00e9 de R$50 e devem ter in\u00edcio no dia 5 de janeiro.<br \/><\/span><span style=\"letter-spacing: -0.02em; line-height: 1.45em; background-color: initial;\"><br \/>As novas contrata\u00e7\u00f5es, segundo o prefeito Beto Preto, v\u00eam para suprir a falta de profissionais que est\u00e3o se aposentando ou usufruindo de licen\u00e7as-pr\u00eamio e para compor o quadro de uma nova escola e de mais tr\u00eas centros de educa\u00e7\u00e3o infantil rec\u00e9m-constru\u00eddos. &ldquo;Hoje, n\u00f3s j\u00e1 temos 80 professores contratados por PSS para dar vaz\u00e3o \u00e0s licen\u00e7as-pr\u00eamio dos docentes, mas ainda \u00e9 pouco. E, no in\u00edcio de 2015, ainda entram em funcionamento os CMEIs do Jardim das Flores e do Jardim Ponta Grossa, al\u00e9m de uma escola e outro CMEI no Residencial Sumatra&rdquo;, justifica.<br \/><\/span><span style=\"letter-spacing: -0.02em; line-height: 1.45em; background-color: initial;\"><br \/>O certame \u00e9 organizado pela Funda\u00e7\u00e3o de Apoio ao Desenvolvimento da Universidade Estadual do Centro Oeste (Unicentro) e detalhes como prazo para as inscri\u00e7\u00f5es, sal\u00e1rios, dias e locais de prova ser\u00e3o conhecidos atrav\u00e9s do Jornal Oficial do Munic\u00edpio (Jornal Tribuna do Norte) ou atrav\u00e9s das plataformas virtuais da Fau (<a href=\"http:\/\/www.fauconcursos.org\">http:\/\/www.fauconcursos.org<\/a>) e da Prefeitura de Apucarana (<\/span><a href=\"http:\/\/www.apucarana.pr.gov.br\/\" style=\"letter-spacing: -0.02em; line-height: 1.45em; background-color: initial;\">http:\/\/www.apucarana.pr.gov.br<\/a><span style=\"letter-spacing: -0.02em; line-height: 1.45em; background-color: initial;\">).<\/span><\/p><\/p>\n","protected":false},"excerpt":{"rendered":"<p>O certame &eacute; organizado pela Funda&ccedil;&atilde;o de Apoio ao Desenvolvimento da Universidade Estadual do Centro Oeste (Unicentro) <\/p>\n","protected":false},"author":4,"featured_media":0,"comment_status":"closed","ping_status":"closed","sticky":false,"template":"","format":"standard","meta":{"footnotes":""},"categories":[24],"tags":[],"class_list":["post-2460","post","type-post","status-publish","format-standard","hentry","category-noticias"],"acf":[],"_links":{"self":[{"href":"http:\/\/www.apucarana.pr.gov.br\/site\/wp-json\/wp\/v2\/posts\/2460","targetHints":{"allow":["GET"]}}],"collection":[{"href":"http:\/\/www.apucarana.pr.gov.br\/site\/wp-json\/wp\/v2\/posts"}],"about":[{"href":"http:\/\/www.apucarana.pr.gov.br\/site\/wp-json\/wp\/v2\/types\/post"}],"author":[{"embeddable":true,"href":"http:\/\/www.apucarana.pr.gov.br\/site\/wp-json\/wp\/v2\/users\/4"}],"replies":[{"embeddable":true,"href":"http:\/\/www.apucarana.pr.gov.br\/site\/wp-json\/wp\/v2\/comments?post=2460"}],"version-history":[{"count":1,"href":"http:\/\/www.apucarana.pr.gov.br\/site\/wp-json\/wp\/v2\/posts\/2460\/revisions"}],"predecessor-version":[{"id":104419,"href":"http:\/\/www.apucarana.pr.gov.br\/site\/wp-json\/wp\/v2\/posts\/2460\/revisions\/104419"}],"wp:attachment":[{"href":"http:\/\/www.apucarana.pr.gov.br\/site\/wp-json\/wp\/v2\/media?parent=2460"}],"wp:term":[{"taxonomy":"category","embeddable":true,"href":"http:\/\/www.apucarana.pr.gov.br\/site\/wp-json\/wp\/v2\/categories?post=2460"},{"taxonomy":"post_tag","embeddable":true,"href":"http:\/\/www.apucarana.pr.gov.br\/site\/wp-json\/wp\/v2\/tags?post=2460"}],"curies":[{"name":"wp","href":"https:\/\/api.w.org\/{rel}","templated":true}]}}