{"id":2459,"date":"2014-12-19T11:17:00","date_gmt":"2014-12-19T11:17:00","guid":{"rendered":"http:\/\/172.16.0.7\/site-antigo\/?p=2459"},"modified":"2024-10-08T09:10:27","modified_gmt":"2024-10-08T12:10:27","slug":"campanha-de-vacinacao-contra-a-polio-e-sarampo-e-prorrogada-ate-o-dia-31","status":"publish","type":"post","link":"http:\/\/www.apucarana.pr.gov.br\/site\/campanha-de-vacinacao-contra-a-polio-e-sarampo-e-prorrogada-ate-o-dia-31\/","title":{"rendered":"Campanha de vacina\u00e7\u00e3o contra a p\u00f3lio e sarampo \u00e9 prorrogada at\u00e9 o dia 31"},"content":{"rendered":"<p><p>A Autarquia Municipal de Sa\u00fade (AMS) de Apucarana, atrav\u00e9s do Departamento de Vigil&acirc;ncia Epidemiol\u00f3gica, comunica que a campanha de vacina\u00e7\u00e3o contra a poliomielite (paralisia infantil) e sarampo foi prorrogada at\u00e9 o dia 31 de dezembro. Al\u00e9m disso, neste s\u00e1bado (20\/12) e domingo (21\/12), haver\u00e1 um plant\u00e3o de atendimento na Unidade B\u00e1sica de Sa\u00fade Romeu Milani, localizada em anexo \u00e0 Autarquia Municipal de Sa\u00fade. <\/p>\n<p>De acordo com o diretor-presidente da AMS, enfermeiro Roberto Kaneta, o plant\u00e3o neste final de semana ser\u00e1 das 8 \u00e0s 17 horas. &ldquo;O plant\u00e3o no s\u00e1bado e domingo vai ocorrer somente na UBS Romeu Milani, que fica na \u00e1rea central da cidade. J\u00e1 nos demais dias da semana, a vacina\u00e7\u00e3o prossegue tamb\u00e9m nas 20 unidades b\u00e1sicas de sa\u00fade que possuem sala de vacina&rdquo;, explica Kaneta. <\/p>\n<p>A dose da vacina contra p\u00f3lio \u00e9 oral (gotinhas) e a contra o sarampo (tr\u00edplice viral) \u00e9 injet\u00e1vel. &ldquo;Pedimos aos pais ou respons\u00e1veis que ainda n\u00e3o levaram suas crian\u00e7as para vacinar, que aproveitem o plant\u00e3o e a prorroga\u00e7\u00e3o da campanha que vai at\u00e9 o dia 31 de dezembro&rdquo;, solicita Kaneta, lembrando que os pais devem levar junto a carteira de vacina\u00e7\u00e3o dos filhos. <\/p>\n<p> A campanha contra a poliomielite (paralisia infantil) tem como p\u00fablico alvo crian\u00e7as a partir de seis meses at\u00e9 cinco anos incompletos. J\u00e1 a de sarampo atende na faixa et\u00e1ria a partir de um ano at\u00e9 cinco anos incompletos. &ldquo;Tamb\u00e9m haver\u00e1 outras doses dispon\u00edveis e os pais podem aproveitar para deixar todas as vacinas em dia&rdquo;, observa Kaneta. Mais informa\u00e7\u00f5es podem ser obtidas pelo telefone 3422-5888.<span>  <\/span><\/p>\n<p><\/p>\n","protected":false},"excerpt":{"rendered":"<p>Neste s&aacute;bado e domingo haver&aacute; plant&atilde;o na UBS Romeu Milani, localizada na &aacute;rea central<\/p>\n","protected":false},"author":4,"featured_media":0,"comment_status":"closed","ping_status":"closed","sticky":false,"template":"","format":"standard","meta":{"footnotes":""},"categories":[24],"tags":[],"class_list":["post-2459","post","type-post","status-publish","format-standard","hentry","category-noticias"],"acf":[],"_links":{"self":[{"href":"http:\/\/www.apucarana.pr.gov.br\/site\/wp-json\/wp\/v2\/posts\/2459","targetHints":{"allow":["GET"]}}],"collection":[{"href":"http:\/\/www.apucarana.pr.gov.br\/site\/wp-json\/wp\/v2\/posts"}],"about":[{"href":"http:\/\/www.apucarana.pr.gov.br\/site\/wp-json\/wp\/v2\/types\/post"}],"author":[{"embeddable":true,"href":"http:\/\/www.apucarana.pr.gov.br\/site\/wp-json\/wp\/v2\/users\/4"}],"replies":[{"embeddable":true,"href":"http:\/\/www.apucarana.pr.gov.br\/site\/wp-json\/wp\/v2\/comments?post=2459"}],"version-history":[{"count":1,"href":"http:\/\/www.apucarana.pr.gov.br\/site\/wp-json\/wp\/v2\/posts\/2459\/revisions"}],"predecessor-version":[{"id":104420,"href":"http:\/\/www.apucarana.pr.gov.br\/site\/wp-json\/wp\/v2\/posts\/2459\/revisions\/104420"}],"wp:attachment":[{"href":"http:\/\/www.apucarana.pr.gov.br\/site\/wp-json\/wp\/v2\/media?parent=2459"}],"wp:term":[{"taxonomy":"category","embeddable":true,"href":"http:\/\/www.apucarana.pr.gov.br\/site\/wp-json\/wp\/v2\/categories?post=2459"},{"taxonomy":"post_tag","embeddable":true,"href":"http:\/\/www.apucarana.pr.gov.br\/site\/wp-json\/wp\/v2\/tags?post=2459"}],"curies":[{"name":"wp","href":"https:\/\/api.w.org\/{rel}","templated":true}]}}