{"id":2458,"date":"2014-12-19T10:56:00","date_gmt":"2014-12-19T10:56:00","guid":{"rendered":"http:\/\/172.16.0.7\/site-antigo\/?p=2458"},"modified":"2024-10-08T09:10:27","modified_gmt":"2024-10-08T12:10:27","slug":"saude-apresenta-nova-identificacao-visual-dos-veiculos","status":"publish","type":"post","link":"http:\/\/www.apucarana.pr.gov.br\/site\/saude-apresenta-nova-identificacao-visual-dos-veiculos\/","title":{"rendered":"Sa\u00fade apresenta nova identifica\u00e7\u00e3o visual dos ve\u00edculos"},"content":{"rendered":"<\/p>\n<p>A Prefeitura de Apucarana est\u00e1 intensificando o processo de padroniza\u00e7\u00e3o visual dos ve\u00edculos, com o objetivo de que a frota seja facilmente identificada pela popula\u00e7\u00e3o. O trabalho iniciou pela Autarquia Municipal de Sa\u00fade (AMS) e, paulatinamente, se estender\u00e1 para os demais setores da administra\u00e7\u00e3o p\u00fablica municipal. Nesta sexta-feira (19\/12), o prefeito de Apucarana conferiu a identifica\u00e7\u00e3o feita nos 60 ve\u00edculos utilizados diariamente pela sa\u00fade, em ato realizado em frente ao pr\u00e9dio da AMS.<\/p>\n<p>De acordo com o prefeito, toda a frota da sa\u00fade passou por uma avalia\u00e7\u00e3o e cinco ve\u00edculos &#8211; considerados inserv\u00edveis &ndash; ser\u00e3o encaminhados para leil\u00e3o p\u00fablico. &ldquo;&Eacute; um trabalho amplo, de revis\u00e3o, manuten\u00e7\u00e3o preventiva e de renova\u00e7\u00e3o da frota. Dos 60 ve\u00edculos que foram plotados, 10 s\u00e3o novos e somaram investimentos de R$ 700 mil, dos quais R$ 620 mil s\u00e3o de recursos do pr\u00f3prio munic\u00edpio&rdquo;, frisa Beto Preto<\/p>\n<p>O prefeito de Apucarana afirma que o processo de renova\u00e7\u00e3o da frota ter\u00e1 continuidade. &ldquo;J\u00e1 temos duas novas ambul&acirc;ncias que est\u00e3o sendo licitadas e, junto ao Minist\u00e9rio da Sa\u00fade, buscaremos tamb\u00e9m renovar as ambul&acirc;ncias do Samu (Servi\u00e7o de Atendimento M\u00f3vel de Urg\u00eancia)&rdquo;, frisa Beto Preto. <\/p>\n<p>Entre os 60 ve\u00edculos plotados, est\u00e3o 25 carros baixos, 12 ambul&acirc;ncias, 9 kombis, 3 micro&ocirc;nibus, 4 pick-ups e 7 motos. &ldquo;Cada ve\u00edculo foi personalizado com as logos do Munic\u00edpio e da Autarquia Municipal de Sa\u00fade, possuindo ainda a identifica\u00e7\u00e3o do servi\u00e7o a que este ve\u00edculo est\u00e1 vinculado&rdquo;, explica o secret\u00e1rio municipal de Sa\u00fade, Roberto Kaneta, citando que a padroniza\u00e7\u00e3o abrange programas e servi\u00e7os, como o Estrat\u00e9gia Sa\u00fade da Fam\u00edlia, controle de endemias, vigil&acirc;ncia, Samu, Natta e Casa da Gestante, entre outros. <\/p>\n<p>Kaneta avalia que a padroniza\u00e7\u00e3o contribuir\u00e1 na gest\u00e3o da qualidade do transporte de usu\u00e1rios do sistema de sa\u00fade. &ldquo;&Eacute; algo j\u00e1 praticado por muito tempo por institui\u00e7\u00f5es privadas e p\u00fablicas, como o corpo de bombeiros e a pol\u00edcia. Melhora o controle da frota e permite que a popula\u00e7\u00e3o identifique facilmente quais s\u00e3o os ve\u00edculos que prestam servi\u00e7os de sa\u00fade&rdquo;, pontua. <\/p>\n<p><\/p>\n","protected":false},"excerpt":{"rendered":"<p>Sessenta ve&iacute;culos foram plotados com as logomarcas do Munic&iacute;pio e o servi&ccedil;o a que est&atilde;o vinculados<\/p>\n","protected":false},"author":4,"featured_media":0,"comment_status":"closed","ping_status":"closed","sticky":false,"template":"","format":"standard","meta":{"footnotes":""},"categories":[24],"tags":[],"class_list":["post-2458","post","type-post","status-publish","format-standard","hentry","category-noticias"],"acf":[],"_links":{"self":[{"href":"http:\/\/www.apucarana.pr.gov.br\/site\/wp-json\/wp\/v2\/posts\/2458","targetHints":{"allow":["GET"]}}],"collection":[{"href":"http:\/\/www.apucarana.pr.gov.br\/site\/wp-json\/wp\/v2\/posts"}],"about":[{"href":"http:\/\/www.apucarana.pr.gov.br\/site\/wp-json\/wp\/v2\/types\/post"}],"author":[{"embeddable":true,"href":"http:\/\/www.apucarana.pr.gov.br\/site\/wp-json\/wp\/v2\/users\/4"}],"replies":[{"embeddable":true,"href":"http:\/\/www.apucarana.pr.gov.br\/site\/wp-json\/wp\/v2\/comments?post=2458"}],"version-history":[{"count":1,"href":"http:\/\/www.apucarana.pr.gov.br\/site\/wp-json\/wp\/v2\/posts\/2458\/revisions"}],"predecessor-version":[{"id":104421,"href":"http:\/\/www.apucarana.pr.gov.br\/site\/wp-json\/wp\/v2\/posts\/2458\/revisions\/104421"}],"wp:attachment":[{"href":"http:\/\/www.apucarana.pr.gov.br\/site\/wp-json\/wp\/v2\/media?parent=2458"}],"wp:term":[{"taxonomy":"category","embeddable":true,"href":"http:\/\/www.apucarana.pr.gov.br\/site\/wp-json\/wp\/v2\/categories?post=2458"},{"taxonomy":"post_tag","embeddable":true,"href":"http:\/\/www.apucarana.pr.gov.br\/site\/wp-json\/wp\/v2\/tags?post=2458"}],"curies":[{"name":"wp","href":"https:\/\/api.w.org\/{rel}","templated":true}]}}