{"id":2457,"date":"2014-12-17T17:39:59","date_gmt":"2014-12-17T17:39:59","guid":{"rendered":"http:\/\/172.16.0.7\/site-antigo\/?p=2457"},"modified":"2024-10-08T09:10:27","modified_gmt":"2024-10-08T12:10:27","slug":"idosos-dos-grupos-conviver-agradecem-apoio-municipal","status":"publish","type":"post","link":"http:\/\/www.apucarana.pr.gov.br\/site\/idosos-dos-grupos-conviver-agradecem-apoio-municipal\/","title":{"rendered":"Idosos dos Grupos Conviver agradecem apoio municipal"},"content":{"rendered":"<p><p><span style=\"letter-spacing: -0.02em; line-height: 1.45em; background-color: initial;\">Representantes de todos os Grupos Conviver de Apucarana compareceram nesta quarta-feira (17\/12) no gabinete municipal para agradecer ao prefeito Beto Preto (PT) pelo apoio que receberam da prefeitura ao longo do ano. Chefiados pela Secret\u00e1ria Municipal da Assist\u00eancia Social, M\u00e1rcia Regina de Sousa, o momento foi de confraterniza\u00e7\u00e3o.<br \/><\/span><span style=\"letter-spacing: -0.02em; line-height: 1.45em; background-color: initial;\"><br \/>Referenciados aos quatro Centros de Refer\u00eancia da Assist\u00eancia Social, os grupos est\u00e3o espalhados pelos bairros e pertencem aos servi\u00e7os de conviv\u00eancia e fortalecimento de v\u00ednculos. &ldquo;S\u00e3o espa\u00e7os de inclus\u00e3o social do idoso e, nesta visita ao prefeito, o intuito maior foi o de confraternizar. Cada uma delas trouxe um presente ao gestor municipal simbolizando a gratid\u00e3o de todas as pessoas envolvidas nos projetos realizados ao longo de 2014&rdquo;, explicou a secret\u00e1ria M\u00e1rcia.<br \/><\/span><span style=\"letter-spacing: -0.02em; line-height: 1.45em; background-color: initial;\"><br \/>Ap\u00f3s um bate-papo descontra\u00eddo, onde ouviu tamb\u00e9m pedidos para o aprimoramento das atividades no pr\u00f3ximo ano, o prefeito recebeu os presentes e falou da emo\u00e7\u00e3o do momento. &ldquo;Voc\u00eas vieram para trazer boas energias a esta sala, onde se tomam decis\u00f5es importantes para o bem da cidade. N\u00e3o mere\u00e7o todos estes presentes, s\u00e3o voc\u00eas todas que merecem tudo de bom da prefeitura&rdquo;, disse Beto.<br \/><\/span><span style=\"letter-spacing: -0.02em; line-height: 1.45em; background-color: initial;\"><br \/>Ele enalteceu a import&acirc;ncia social dos grupos. &ldquo;Temos aprendido muito, as experi\u00eancias se fazem com todos e a mobiliza\u00e7\u00e3o das pessoas \u00e9 que faz a cidade acontecer. Os Grupos Conviver cumprem um papel muito importante pois s\u00e3o feitos de pessoas que moram nos bairros, que conhecem os problemas e as necessidades dos amigos, dos vizinhos. A conviv\u00eancia \u00e9 fundamental e as atividades fazem com que a pessoa deixe a depress\u00e3o para tr\u00e1s, saia de casa, se envolvam com atividades diferentes, artesanato, conversem, tomem um lanche com outras pessoas. Melhor uma palavra amiga do que o rem\u00e9dio&rdquo;, pontuou o prefeito.<br \/><\/span><span style=\"letter-spacing: -0.02em; line-height: 1.45em; background-color: initial;\"><br \/>Uma das mais animadas, Maria Jos\u00e9 Gon\u00e7ales, manifestou seu contentamento. &ldquo;Somos um grupo novo l\u00e1 do N\u00facleo Jo\u00e3o Goulart. Nossa meta era come\u00e7ar s\u00f3 em janeiro, mas fomos apoiados de forma que conseguimos iniciar j\u00e1 em outubro, e s\u00f3 temos o que agradecer ao prefeito por tudo que tem nos dado, por isto todas n\u00f3s aqui fizemos quest\u00e3o de vir pessoalmente nos confraternizar com ele&rdquo;, explicou.<br \/><\/span><span style=\"letter-spacing: -0.02em; line-height: 1.45em; background-color: initial;\"><br \/>Em Apucarana, os idosos dos Grupos Conviver se re\u00fanem nos CRAS, centros comunit\u00e1rios e paroquiais sob a coordena\u00e7\u00e3o de profissionais e oficineiros. As atividades se resumem em cursos de artesanatos de acordo com as peculariedades de cada grupo, atividades f\u00edsicas, monitoramento da sa\u00fade, passeios e comemora\u00e7\u00f5es diversas.<br \/><\/span><span style=\"letter-spacing: -0.02em; line-height: 1.45em; background-color: initial;\"><br \/>Mais informa\u00e7\u00f5es sobre como participar das atividades e a localiza\u00e7\u00e3o do Grupo Conviver mais pr\u00f3ximo podem ser obtidas pelo telefone 3425-1511, no Centro Social Urbano do Parque Bela Vista.<\/span><\/p>\n<p><\/p>\n","protected":false},"excerpt":{"rendered":"<p>Referenciados aos quatro Centros de Refer&ecirc;ncia da Assist&ecirc;ncia Social, os grupos est&atilde;o espalhados pelos bairros e pertencem aos servi&ccedil;os de conviv&ecirc;ncia e fortalecimento de v&iacute;nculos<\/p>\n","protected":false},"author":4,"featured_media":0,"comment_status":"closed","ping_status":"closed","sticky":false,"template":"","format":"standard","meta":{"footnotes":""},"categories":[24],"tags":[],"class_list":["post-2457","post","type-post","status-publish","format-standard","hentry","category-noticias"],"acf":[],"_links":{"self":[{"href":"http:\/\/www.apucarana.pr.gov.br\/site\/wp-json\/wp\/v2\/posts\/2457","targetHints":{"allow":["GET"]}}],"collection":[{"href":"http:\/\/www.apucarana.pr.gov.br\/site\/wp-json\/wp\/v2\/posts"}],"about":[{"href":"http:\/\/www.apucarana.pr.gov.br\/site\/wp-json\/wp\/v2\/types\/post"}],"author":[{"embeddable":true,"href":"http:\/\/www.apucarana.pr.gov.br\/site\/wp-json\/wp\/v2\/users\/4"}],"replies":[{"embeddable":true,"href":"http:\/\/www.apucarana.pr.gov.br\/site\/wp-json\/wp\/v2\/comments?post=2457"}],"version-history":[{"count":1,"href":"http:\/\/www.apucarana.pr.gov.br\/site\/wp-json\/wp\/v2\/posts\/2457\/revisions"}],"predecessor-version":[{"id":104422,"href":"http:\/\/www.apucarana.pr.gov.br\/site\/wp-json\/wp\/v2\/posts\/2457\/revisions\/104422"}],"wp:attachment":[{"href":"http:\/\/www.apucarana.pr.gov.br\/site\/wp-json\/wp\/v2\/media?parent=2457"}],"wp:term":[{"taxonomy":"category","embeddable":true,"href":"http:\/\/www.apucarana.pr.gov.br\/site\/wp-json\/wp\/v2\/categories?post=2457"},{"taxonomy":"post_tag","embeddable":true,"href":"http:\/\/www.apucarana.pr.gov.br\/site\/wp-json\/wp\/v2\/tags?post=2457"}],"curies":[{"name":"wp","href":"https:\/\/api.w.org\/{rel}","templated":true}]}}