{"id":2456,"date":"2014-12-17T15:15:59","date_gmt":"2014-12-17T15:15:59","guid":{"rendered":"http:\/\/172.16.0.7\/site-antigo\/?p=2456"},"modified":"2024-10-08T09:09:37","modified_gmt":"2024-10-08T12:09:37","slug":"padre-luizinho-divulga-ultima-missa-do-ano-no-pirapo","status":"publish","type":"post","link":"http:\/\/www.apucarana.pr.gov.br\/site\/padre-luizinho-divulga-ultima-missa-do-ano-no-pirapo\/","title":{"rendered":"Padre Luizinho divulga \u00faltima missa do ano no Pirap\u00f3"},"content":{"rendered":"<p><p><span style=\"letter-spacing: -0.02em; line-height: 1.45em; background-color: initial;\">O prefeito Beto Preto (PT) recebeu nesta quarta-feira (17\/12), em seu gabinete, padre Luizinho Pereira, da Par\u00f3quia Santo Ant&ocirc;nio de P\u00e1dua &ndash; Distrito de Pirap\u00f3. Na visita de cortesia, o p\u00e1roco convidou o prefeito para a Missa de Cura, Liberta\u00e7\u00e3o, Milagres e Quebra de Maldi\u00e7\u00f5es, que acontece neste dia 28 de dezembro, \u00e0s 15 horas, defronte \u00e0 igreja distrital, na Pra\u00e7a S\u00e3o Jo\u00e3o, n\u00ba 23.<br \/><\/span><span style=\"letter-spacing: -0.02em; line-height: 1.45em; background-color: initial;\"><br \/>O momento, \u00faltimo do ano, \u00e9 realizado ao ar livre todo quarto domingo do m\u00eas e re\u00fane milhares de fi\u00e9is de v\u00e1rias partes do Paran\u00e1 e at\u00e9 de outros estados. &ldquo;Compareci \u00e0 prefeitura para fazer um convite pessoal ao prefeito e a todo o funcionalismo p\u00fablico. Oportunidade em que aproveito para estender o convite a todos da cidade e regi\u00e3o<\/span><span style=\"letter-spacing: -0.02em; line-height: 1.45em; background-color: initial;\"> para que estejam presentes nesta \u00faltima celebra\u00e7\u00e3o do ano. Chuva de b\u00ean\u00e7\u00e3os Deus estar\u00e1 derramando sobre todos n\u00f3s&rdquo;, disse Padre Luizinho.<br \/><\/span><span style=\"letter-spacing: -0.02em; line-height: 1.45em; background-color: initial;\"><br \/>Ele destaca que a missa tem dura\u00e7\u00e3o de cerca de 2 horas e conta com participa\u00e7\u00e3o dos conhecidos &ldquo;Marcos da Catedral&rdquo; e &ldquo;Marcos da Vila Reis&rdquo;. A missa campal \u00e9 diferenciada ainda por oferecer momentos de louvores, com c&acirc;nticos da renova\u00e7\u00e3o carism\u00e1tica, al\u00e9m de testemunho de curas e liberta\u00e7\u00f5es por parte dos fi\u00e9is. &ldquo;Venha receber a cura e a liberta\u00e7\u00e3o dos males que est\u00e3o na sua vida&rdquo;, refor\u00e7a o convite Padre Luizinho.<br \/><\/span><span style=\"letter-spacing: -0.02em; line-height: 1.45em; background-color: initial;\"><br \/>O prefeito Beto Preto enaltece a iniciativa do p\u00e1roco. &ldquo;Padre Luizinho \u00e9 um homem de Deus que tem levado a Palavra de forma bastante forte e verdadeira, contribu\u00eddo para que muitas pessoas encontrem n\u00e3o s\u00f3 conforto espiritual, mas sobretudo milagres em suas vidas e de seus entes queridos&rdquo;, pontuou o prefeito.<br \/><\/span><span style=\"letter-spacing: -0.02em; line-height: 1.45em; background-color: initial;\"><br \/>Mais informa\u00e7\u00f5es sobre a celebra\u00e7\u00e3o podem ser obtidas pelo telefone (43) 3440-1188.<\/span><\/p>\n<p><\/p>\n","protected":false},"excerpt":{"rendered":"<p>O momento do dia 28, &uacute;ltimo do ano, &eacute; realizado ao ar livre todo quarto domingo do m&ecirc;s e re&uacute;ne milhares de fi&eacute;is de v&aacute;rias partes do Paran&aacute; e at&eacute; de outros estados<\/p>\n","protected":false},"author":4,"featured_media":0,"comment_status":"closed","ping_status":"closed","sticky":false,"template":"","format":"standard","meta":{"footnotes":""},"categories":[24],"tags":[],"class_list":["post-2456","post","type-post","status-publish","format-standard","hentry","category-noticias"],"acf":[],"_links":{"self":[{"href":"http:\/\/www.apucarana.pr.gov.br\/site\/wp-json\/wp\/v2\/posts\/2456","targetHints":{"allow":["GET"]}}],"collection":[{"href":"http:\/\/www.apucarana.pr.gov.br\/site\/wp-json\/wp\/v2\/posts"}],"about":[{"href":"http:\/\/www.apucarana.pr.gov.br\/site\/wp-json\/wp\/v2\/types\/post"}],"author":[{"embeddable":true,"href":"http:\/\/www.apucarana.pr.gov.br\/site\/wp-json\/wp\/v2\/users\/4"}],"replies":[{"embeddable":true,"href":"http:\/\/www.apucarana.pr.gov.br\/site\/wp-json\/wp\/v2\/comments?post=2456"}],"version-history":[{"count":1,"href":"http:\/\/www.apucarana.pr.gov.br\/site\/wp-json\/wp\/v2\/posts\/2456\/revisions"}],"predecessor-version":[{"id":104423,"href":"http:\/\/www.apucarana.pr.gov.br\/site\/wp-json\/wp\/v2\/posts\/2456\/revisions\/104423"}],"wp:attachment":[{"href":"http:\/\/www.apucarana.pr.gov.br\/site\/wp-json\/wp\/v2\/media?parent=2456"}],"wp:term":[{"taxonomy":"category","embeddable":true,"href":"http:\/\/www.apucarana.pr.gov.br\/site\/wp-json\/wp\/v2\/categories?post=2456"},{"taxonomy":"post_tag","embeddable":true,"href":"http:\/\/www.apucarana.pr.gov.br\/site\/wp-json\/wp\/v2\/tags?post=2456"}],"curies":[{"name":"wp","href":"https:\/\/api.w.org\/{rel}","templated":true}]}}