{"id":2455,"date":"2014-12-17T11:21:00","date_gmt":"2014-12-17T11:21:00","guid":{"rendered":"http:\/\/172.16.0.7\/site-antigo\/?p=2455"},"modified":"2024-10-08T09:09:37","modified_gmt":"2024-10-08T12:09:37","slug":"parcerias-garantem-a-qualificacao-de-mais-de-2-mil-pessoas-no-senac","status":"publish","type":"post","link":"http:\/\/www.apucarana.pr.gov.br\/site\/parcerias-garantem-a-qualificacao-de-mais-de-2-mil-pessoas-no-senac\/","title":{"rendered":"Parcerias garantem a qualifica\u00e7\u00e3o de mais de 2 mil pessoas no Senac"},"content":{"rendered":"<p><p><span style=\"letter-spacing: -0.02em; line-height: 1.45em; background-color: initial;\">O prefeito de Apucarana, Beto Preto, recebeu nesta quarta-feira (17\/12), a visita do gerente-executivo do Servi\u00e7o Nacional de Aprendizagem Comercial (Senac), Agnaldo Alves Cassemiro, e o t\u00e9cnico de rela\u00e7\u00f5es com o mercado, Willian Thiago Lima Caetano. Na oportunidade, foi feito um balan\u00e7o dos cursos ofertados e dos alunos atendidos nos \u00faltimos anos, atrav\u00e9s de parcerias com o Munic\u00edpio e o Governo Federal.<br \/><\/span><span style=\"letter-spacing: -0.02em; line-height: 1.45em; background-color: initial;\"><br \/>&ldquo;Entre as cerca de 100 op\u00e7\u00f5es de cursos oferecidos, o Senac j\u00e1 atendeu mais de 2 mil pessoas, seja pelo Pronatec (Programa Nacional de Acesso ao Ensino T\u00e9cnico e Emprego) ou pelos cursos que o Munic\u00edpio contratou e que s\u00e3o oferecidos gratuitamente \u00e0 popula\u00e7\u00e3o. O leque vai desde cursos de curta dura\u00e7\u00e3o a op\u00e7\u00e3o de qualifica\u00e7\u00e3o profissional &rdquo;, frisa Beto Preto.<br \/><\/span><span style=\"letter-spacing: -0.02em; line-height: 1.45em; background-color: initial;\"><br \/>O prefeito lembra que, em 2014, o Munic\u00edpio ampliou a parceria com o Senac, contratando 54 cursos profissionalizantes que s\u00e3o disponibilizados por meio de entidades, como o <\/span><span style=\"letter-spacing: -0.02em; line-height: 1.45em; background-color: initial;\">CRAS, CREAS, Centro Pop, Centro Dia, Centro da Juventude, e das entidades APAE,Comander, Cepes, CASA, Edhucca e Lar S\u00e3o Vicente de Paulo.<br \/><\/span><span style=\"letter-spacing: -0.02em; line-height: 1.45em; background-color: initial;\"><br \/>De acordo com o gerente-executivo do Senac,dois momentos importantes impulsionaram recentemente a amplia\u00e7\u00e3o da oferta e do n\u00famero de pessoas atendidas. &ldquo;O primeiro ocorreu em 2010, com inaugura\u00e7\u00e3o do novo Centro de Educa\u00e7\u00e3o Profissional do Senac e, o segundo, com o apoio que estamos recebendo atualmente da Prefeitura e a parceria firmada&rdquo;, ressalta.<br \/><\/span><span style=\"letter-spacing: -0.02em; line-height: 1.45em; background-color: initial;\"><br \/>Cassemiro afirma ainda que os cursos v\u00eam ajudando muitas fam\u00edlias carentes, promovendo mudan\u00e7as significativas proporcionadas pela consequente eleva\u00e7\u00e3o da renda. &ldquo;Tamb\u00e9m notamos uma mudan\u00e7a no perfil profissional, com novos comportamentos quando h\u00e1 o acesso \u00e0 forma\u00e7\u00e3o. Muitos, inclusive, saem empregados, o que faz do pr\u00f3prio curso um diferencial no mercado&rdquo;, avalia Agnaldo, que deixou com o prefeito de Apucarana um exemplar do livro Restaurante-Escola do Senac.<\/span><\/p><\/p>\n","protected":false},"excerpt":{"rendered":"<p>O prefeito lembra que, em 2014, o Munic&iacute;pio ampliou a parceria com o Senac, contratando 54 cursos profissionalizantes que s&atilde;o disponibilizados por meio de entidades<\/p>\n","protected":false},"author":4,"featured_media":0,"comment_status":"closed","ping_status":"closed","sticky":false,"template":"","format":"standard","meta":{"footnotes":""},"categories":[24],"tags":[],"class_list":["post-2455","post","type-post","status-publish","format-standard","hentry","category-noticias"],"acf":[],"_links":{"self":[{"href":"http:\/\/www.apucarana.pr.gov.br\/site\/wp-json\/wp\/v2\/posts\/2455","targetHints":{"allow":["GET"]}}],"collection":[{"href":"http:\/\/www.apucarana.pr.gov.br\/site\/wp-json\/wp\/v2\/posts"}],"about":[{"href":"http:\/\/www.apucarana.pr.gov.br\/site\/wp-json\/wp\/v2\/types\/post"}],"author":[{"embeddable":true,"href":"http:\/\/www.apucarana.pr.gov.br\/site\/wp-json\/wp\/v2\/users\/4"}],"replies":[{"embeddable":true,"href":"http:\/\/www.apucarana.pr.gov.br\/site\/wp-json\/wp\/v2\/comments?post=2455"}],"version-history":[{"count":1,"href":"http:\/\/www.apucarana.pr.gov.br\/site\/wp-json\/wp\/v2\/posts\/2455\/revisions"}],"predecessor-version":[{"id":104425,"href":"http:\/\/www.apucarana.pr.gov.br\/site\/wp-json\/wp\/v2\/posts\/2455\/revisions\/104425"}],"wp:attachment":[{"href":"http:\/\/www.apucarana.pr.gov.br\/site\/wp-json\/wp\/v2\/media?parent=2455"}],"wp:term":[{"taxonomy":"category","embeddable":true,"href":"http:\/\/www.apucarana.pr.gov.br\/site\/wp-json\/wp\/v2\/categories?post=2455"},{"taxonomy":"post_tag","embeddable":true,"href":"http:\/\/www.apucarana.pr.gov.br\/site\/wp-json\/wp\/v2\/tags?post=2455"}],"curies":[{"name":"wp","href":"https:\/\/api.w.org\/{rel}","templated":true}]}}