{"id":24543,"date":"2019-06-26T13:40:32","date_gmt":"2019-06-26T16:40:32","guid":{"rendered":"http:\/\/172.16.0.7\/site-antigo\/?p=24543"},"modified":"2024-10-08T09:19:06","modified_gmt":"2024-10-08T12:19:06","slug":"polo-uab-divulga-edital-para-selecao-de-tutor-que-deve-atuar-em-especializacao-de-matematica","status":"publish","type":"post","link":"http:\/\/www.apucarana.pr.gov.br\/site\/polo-uab-divulga-edital-para-selecao-de-tutor-que-deve-atuar-em-especializacao-de-matematica\/","title":{"rendered":"Polo UAB divulga edital para sele\u00e7\u00e3o de tutor que deve atuar em especializa\u00e7\u00e3o de matem\u00e1tica"},"content":{"rendered":"<p>A Universidade Estadual do Centro-Oeste (Unicentro) est\u00e1 selecionando tutores que queiram atuar junto ao curso de Especializa\u00e7\u00e3o para Professores do Ensino M\u00e9dio de Matem\u00e1tica, ofertado na modalidade a dist\u00e2ncia. H\u00e1 uma vaga dispon\u00edvel para o Polo UAB de Apucarana.<br \/>\nAs principais fun\u00e7\u00f5es do tutor s\u00e3o mediar a comunica\u00e7\u00e3o de conte\u00fados entre o professor e os cursistas, sanar d\u00favidas dos alunos, acompanhar, corrigir e dar retorno \u00e0s atividades discentes, colaborar com a coordena\u00e7\u00e3o do curso na avalia\u00e7\u00e3o dos estudantes, participar de atividades de capacita\u00e7\u00e3o e atualiza\u00e7\u00e3o, manter a regularidade de acesso ao Ambiente Virtual de Aprendizagem (AVA) e elaborar relat\u00f3rios mensais de acompanhamento dos acad\u00eamicos.<br \/>\nPara participar do processo seletivo, o candidato deve possuir gradua\u00e7\u00e3o em Matem\u00e1tica ou F\u00edsica (bacharelado ou licenciatura), p\u00f3s-gradua\u00e7\u00e3o e um ano de experi\u00eancia no magist\u00e9rio, n\u00e3o ser aluno de cursos ofertados na modalidade a dist\u00e2ncia pela Unicentro, n\u00e3o receber outra bolsa de fomento governamental e ter conhecimentos de inform\u00e1tica b\u00e1sica.<br \/>\nA remunera\u00e7\u00e3o ser\u00e1 feita na forma de bolsa mensal no valor de R$ 765,00, pela carga hor\u00e1ria de 20 horas semanais.<br \/>\nAs inscri\u00e7\u00f5es para o processo seletivo devem ser feitas at\u00e9 dia 10 de julho, por meio endere\u00e7o eletr\u00f4nico <a href=\"https:\/\/evento.unicentro.br\/site\/espmatematicaead\/2019\/1\">https:\/\/evento.unicentro.br\/site\/espmatematicaead\/2019\/1<\/a>. J\u00e1 o edital completo pode ser conferido em <a href=\"https:\/\/ead.unicentro.br\/editais\/editais-tutores\/\">https:\/\/ead.unicentro.br\/editais\/editais-tutores\/<\/a>.<\/p>\n","protected":false},"excerpt":{"rendered":"<p>Os interessados devem se inscrever, at\u00e9 10 de julho, no site do N\u00facleo de Educa\u00e7\u00e3o a Dist\u00e2ncia da Universidade Estadual do Centro-Oeste (Unicentro)<\/p>\n","protected":false},"author":4,"featured_media":24333,"comment_status":"closed","ping_status":"open","sticky":false,"template":"","format":"standard","meta":{"footnotes":""},"categories":[24],"tags":[36,37,144,39,198],"class_list":["post-24543","post","type-post","status-publish","format-standard","has-post-thumbnail","hentry","category-noticias","tag-educacao-a-distancia","tag-ensino-superior","tag-polo-uab","tag-prefeitura-de-apucarana","tag-unicentro"],"acf":[],"_links":{"self":[{"href":"http:\/\/www.apucarana.pr.gov.br\/site\/wp-json\/wp\/v2\/posts\/24543","targetHints":{"allow":["GET"]}}],"collection":[{"href":"http:\/\/www.apucarana.pr.gov.br\/site\/wp-json\/wp\/v2\/posts"}],"about":[{"href":"http:\/\/www.apucarana.pr.gov.br\/site\/wp-json\/wp\/v2\/types\/post"}],"author":[{"embeddable":true,"href":"http:\/\/www.apucarana.pr.gov.br\/site\/wp-json\/wp\/v2\/users\/4"}],"replies":[{"embeddable":true,"href":"http:\/\/www.apucarana.pr.gov.br\/site\/wp-json\/wp\/v2\/comments?post=24543"}],"version-history":[{"count":1,"href":"http:\/\/www.apucarana.pr.gov.br\/site\/wp-json\/wp\/v2\/posts\/24543\/revisions"}],"predecessor-version":[{"id":100372,"href":"http:\/\/www.apucarana.pr.gov.br\/site\/wp-json\/wp\/v2\/posts\/24543\/revisions\/100372"}],"wp:featuredmedia":[{"embeddable":true,"href":"http:\/\/www.apucarana.pr.gov.br\/site\/wp-json\/"}],"wp:attachment":[{"href":"http:\/\/www.apucarana.pr.gov.br\/site\/wp-json\/wp\/v2\/media?parent=24543"}],"wp:term":[{"taxonomy":"category","embeddable":true,"href":"http:\/\/www.apucarana.pr.gov.br\/site\/wp-json\/wp\/v2\/categories?post=24543"},{"taxonomy":"post_tag","embeddable":true,"href":"http:\/\/www.apucarana.pr.gov.br\/site\/wp-json\/wp\/v2\/tags?post=24543"}],"curies":[{"name":"wp","href":"https:\/\/api.w.org\/{rel}","templated":true}]}}