{"id":2454,"date":"2014-12-17T12:38:59","date_gmt":"2014-12-17T12:38:59","guid":{"rendered":"http:\/\/172.16.0.7\/site-antigo\/?p=2454"},"modified":"2024-10-08T09:09:37","modified_gmt":"2024-10-08T12:09:37","slug":"prazo-de-inscricoes-para-o-femudap-e-prorrogado-ate-o-dia-31-de-dezembro","status":"publish","type":"post","link":"http:\/\/www.apucarana.pr.gov.br\/site\/prazo-de-inscricoes-para-o-femudap-e-prorrogado-ate-o-dia-31-de-dezembro\/","title":{"rendered":"Prazo de inscri\u00e7\u00f5es para o Femudap \u00e9 prorrogado at\u00e9 o dia 31 de dezembro"},"content":{"rendered":"<\/p>\n<p>A Comiss\u00e3o Organizadora do 1\u00ba Festival de M\u00fasica Mensagem de Apucarana (Femudap) prorrogou o prazo de inscri\u00e7\u00e3o, que encerraria na segunda-feira, para o dia 31 de dezembro. &ldquo;Como o regulamento estabelece a participa\u00e7\u00e3o somente de m\u00fasicas in\u00e9ditas, muitos interessados alegaram que o prazo para fazer a composi\u00e7\u00e3o, reunir os m\u00fasicos e gravar o CD ficou muito curto&rdquo;, afirma M\u00e1rio Felipe, supervisor-geral do festival. &ldquo;A Comiss\u00e3o Organizadora, reunida na \u00faltima ter\u00e7a-feira, entendeu ainda que, com as festas de final de ano, muitos m\u00fasicos est\u00e3o envolvidos na anima\u00e7\u00e3o de diversas atividades e, por essas raz\u00f5es, decidiu pela prorroga\u00e7\u00e3o do prazo&rdquo;, completa.<\/p>\n<p>De acordo com M\u00e1rio Felipe, v\u00e1rias m\u00fasicas j\u00e1 foram inscritas e passar\u00e3o junto com as demais por uma avalia\u00e7\u00e3o pr\u00e9via, que classificar\u00e1 as melhores para grande final que ser\u00e1 disputada entre os dias 23 e 25 de janeiro, no Cine Teatro F\u00eanix. &ldquo;A Comiss\u00e3o Organizadora tamb\u00e9m j\u00e1 definiu a Banda Rafah, de Curitiba, para fazer a anima\u00e7\u00e3o do Femudap. Trata-se de uma banda formada por quatro componentes, que toca no g\u00eanero rock, bastante conhecida no universo da m\u00fasica mensagem&rdquo;, pontua M\u00e1rio Felipe. <\/p>\n<p>As inscri\u00e7\u00f5es para o Femudap devem ser feitas at\u00e9 \u00e0s 23h59 do dia 31 de dezembro pelo site da Prefeitura (<a href=\"http:\/\/www.apucarana.pr.gov.br\/\"><b>www.apucarana.pr.gov.br<\/b><\/a>), onde foi disponibilizado um link espec\u00edfico para o festival. Conforme M\u00e1rio Felipe, supervisor-geral do festival, o acesso ao link \u00e9 feito clicando sobre o banner Femudap que foi colocado na p\u00e1gina principal do site da Prefeitura de Apucarana. &ldquo;Neste link, al\u00e9m de informa\u00e7\u00f5es e do regulamento, h\u00e1 um campo para fazer a inscri\u00e7\u00e3o. O interessado deve fazer o download do formul\u00e1rio de inscri\u00e7\u00e3o, preench\u00ea-lo e depois encaminh\u00e1-lo para o e- mail<a href=\"mailto:femudap@hotmail.com\"><b>femudap@hotmail.com<\/b><\/a>&rdquo;, explica.<\/p>\n<p>Para efetivar a inscri\u00e7\u00e3o, o candidato necessita ainda encaminhar para o mesmo e-mail o comprovante da taxa de inscri\u00e7\u00e3o, valor (R$ 100) que dever\u00e1 ser depositado na conta 60610570-0, no Banco SICOOB, ag\u00eancia 0001. &ldquo;Os candidatos tamb\u00e9m precisam enviar o \u00e1udio da m\u00fasica gravada para que seja avaliada na pr\u00e9via, que definir\u00e1 as m\u00fasicas que v\u00e3o participar da grande final em janeiro&rdquo;, ressalta.<\/p>\n<p>O Festival de M\u00fasica Mensagem de Apucarana vai premiar as cinco melhores m\u00fasicas classificadas na final\u00edssima, com trof\u00e9us, valores em dinheiro e viol\u00f5es: 1\u00ba Lugar &ndash; Trof\u00e9u + R$ 1.500,00; 2\u00ba Lugar &ndash; Trof\u00e9u + R$ 1.000,00; 3\u00ba Lugar &ndash; Trof\u00e9u + R$ 500,00; 4\u00ba Lugar &ndash; Trof\u00e9u + viol\u00e3o; 5\u00ba Lugar &ndash; Trof\u00e9u + viol\u00e3o; Melhor int\u00e9rprete- Trof\u00e9u; Melhor conjunto- Trof\u00e9u; Melhor letra- Trof\u00e9u.<\/p>\n<p>O tema do Femudap \u00e9 &ldquo;Juventude, f\u00e9 e sociedade &rdquo; e o lema &ldquo;O desafio de ser jovem&rdquo;. As m\u00fasicas inscritas dever\u00e3o ser in\u00e9ditas, originais e em l\u00edngua portuguesa. &ldquo;Entende-se por in\u00e9dita a m\u00fasica que nunca tenha sido editada para fins comerciais ou de not\u00f3ria fama e, por originais, a m\u00fasica n\u00e3o plagiada. A letra dever\u00e1 se enquadrar no estilo m\u00fasica mensagem e dever\u00e1 estar necessariamente de acordo com o tema ou lema&rdquo;, esclarece M\u00e1rio Felipe. Cada concorrente, compositor ou int\u00e9rprete poder\u00e1 inscrever no m\u00e1ximo cincom\u00fasicas, podendo classificar na pr\u00e9via duas m\u00fasicas se for o caso de serem julgadas aptas.<\/p>\n<p><\/p>\n","protected":false},"excerpt":{"rendered":"<p>Interessados devem acessar o site da Prefeitura, onde foi disponibilizado um link espec&iacute;fico para o evento<\/p>\n","protected":false},"author":4,"featured_media":0,"comment_status":"closed","ping_status":"closed","sticky":false,"template":"","format":"standard","meta":{"footnotes":""},"categories":[24],"tags":[],"class_list":["post-2454","post","type-post","status-publish","format-standard","hentry","category-noticias"],"acf":[],"_links":{"self":[{"href":"http:\/\/www.apucarana.pr.gov.br\/site\/wp-json\/wp\/v2\/posts\/2454","targetHints":{"allow":["GET"]}}],"collection":[{"href":"http:\/\/www.apucarana.pr.gov.br\/site\/wp-json\/wp\/v2\/posts"}],"about":[{"href":"http:\/\/www.apucarana.pr.gov.br\/site\/wp-json\/wp\/v2\/types\/post"}],"author":[{"embeddable":true,"href":"http:\/\/www.apucarana.pr.gov.br\/site\/wp-json\/wp\/v2\/users\/4"}],"replies":[{"embeddable":true,"href":"http:\/\/www.apucarana.pr.gov.br\/site\/wp-json\/wp\/v2\/comments?post=2454"}],"version-history":[{"count":1,"href":"http:\/\/www.apucarana.pr.gov.br\/site\/wp-json\/wp\/v2\/posts\/2454\/revisions"}],"predecessor-version":[{"id":104424,"href":"http:\/\/www.apucarana.pr.gov.br\/site\/wp-json\/wp\/v2\/posts\/2454\/revisions\/104424"}],"wp:attachment":[{"href":"http:\/\/www.apucarana.pr.gov.br\/site\/wp-json\/wp\/v2\/media?parent=2454"}],"wp:term":[{"taxonomy":"category","embeddable":true,"href":"http:\/\/www.apucarana.pr.gov.br\/site\/wp-json\/wp\/v2\/categories?post=2454"},{"taxonomy":"post_tag","embeddable":true,"href":"http:\/\/www.apucarana.pr.gov.br\/site\/wp-json\/wp\/v2\/tags?post=2454"}],"curies":[{"name":"wp","href":"https:\/\/api.w.org\/{rel}","templated":true}]}}