{"id":2453,"date":"2014-12-16T16:05:00","date_gmt":"2014-12-16T16:05:00","guid":{"rendered":"http:\/\/172.16.0.7\/site-antigo\/?p=2453"},"modified":"2024-10-08T09:09:37","modified_gmt":"2024-10-08T12:09:37","slug":"caps-tem-confraternizacao-de-final-de-ano","status":"publish","type":"post","link":"http:\/\/www.apucarana.pr.gov.br\/site\/caps-tem-confraternizacao-de-final-de-ano\/","title":{"rendered":"CAPS tem confraterniza\u00e7\u00e3o de final de ano"},"content":{"rendered":"<p><p><span style=\"letter-spacing: -0.02em; line-height: 1.45em; background-color: initial;\">O Centro Regional de Aten\u00e7\u00e3o Psicossocial Nova Mente (CAPS), de Cambira, mantido pelo Cons\u00f3rcio Intermunicipal de Sa\u00fade de Apucarana e Regi\u00e3o (Cisvir), realizou hoje (16) um almo\u00e7o de confraterniza\u00e7\u00e3o, ao concluir suas atividades neste ano de 2014.<br \/><\/span><span style=\"letter-spacing: -0.02em; line-height: 1.45em; background-color: initial;\"><br \/>O evento, realizado no Centro de Conviv\u00eancia do Idoso de Cambira, foi prestigiado pelo prefeito de Apucarana e presidente do Cisvir, Beto Preto. Participaram ainda Joana D&acute;Arc Previatti e Let\u00edcia Bento, da dire\u00e7\u00e3o do Cisvir, a enfermeira Lilian Ferreira Domingues, coordenadora da sa\u00fade mental de Apucarana; pacientes que s\u00e3o atendidos pelo CAPS e seus familiares.<br \/><\/span><span style=\"letter-spacing: -0.02em; line-height: 1.45em; background-color: initial;\"><br \/>O ponto algo da confraterniza\u00e7\u00e3o foi a apresenta\u00e7\u00e3o do coral dos pacientes, que cantaram tr\u00eas can\u00e7\u00f5es natalinas e foram bastante aplaudidos. Ainda durante o almo\u00e7o, todas as pessoas atendidas da regi\u00e3o atendidas pelo CAPS (portadoras de transtornos mentais) foram agraciadas com presentes.<br \/><\/span><span style=\"letter-spacing: -0.02em; line-height: 1.45em; background-color: initial;\"><br \/>O presidente do Cisvir, Beto Preto, enalteceu os 11 anos de atividades do CAPS, que \u00e9 um dos primeiros do Brasil de &acirc;mbito regional e que atende pacientes de dezessete munic\u00edpios da 16\u00aa Regional de Sa\u00fade de Apucarana. &ldquo;Quero parabenizar todos os profissionais envolvidos neste trabalho, pela sua dedica\u00e7\u00e3o e persist\u00eancia&rdquo;, destacou.<br \/><\/span><span style=\"letter-spacing: -0.02em; line-height: 1.45em; background-color: initial;\"><br \/>Ele lembrou das dificuldades enfrentadas desde 2013, quando assumiu a presid\u00eancia do Cisvir. &ldquo;Ainda temos algumas d\u00edvidas a saldar, mas ampliamos a oferta de consultas, exames e cirurgias, resgatando a credibilidade do cons\u00f3rcio junto aos prestadores de servi\u00e7os e a nossa clientela&rdquo;, argumentou Beto Preto.<\/span><\/p><\/p>\n","protected":false},"excerpt":{"rendered":"<p>O evento, realizado no Centro de Conviv&ecirc;ncia do Idoso de Cambira, foi prestigiado pelo prefeito de Apucarana e presidente do Cisvir, Beto Preto<\/p>\n","protected":false},"author":4,"featured_media":0,"comment_status":"closed","ping_status":"closed","sticky":false,"template":"","format":"standard","meta":{"footnotes":""},"categories":[24],"tags":[],"class_list":["post-2453","post","type-post","status-publish","format-standard","hentry","category-noticias"],"acf":[],"_links":{"self":[{"href":"http:\/\/www.apucarana.pr.gov.br\/site\/wp-json\/wp\/v2\/posts\/2453","targetHints":{"allow":["GET"]}}],"collection":[{"href":"http:\/\/www.apucarana.pr.gov.br\/site\/wp-json\/wp\/v2\/posts"}],"about":[{"href":"http:\/\/www.apucarana.pr.gov.br\/site\/wp-json\/wp\/v2\/types\/post"}],"author":[{"embeddable":true,"href":"http:\/\/www.apucarana.pr.gov.br\/site\/wp-json\/wp\/v2\/users\/4"}],"replies":[{"embeddable":true,"href":"http:\/\/www.apucarana.pr.gov.br\/site\/wp-json\/wp\/v2\/comments?post=2453"}],"version-history":[{"count":1,"href":"http:\/\/www.apucarana.pr.gov.br\/site\/wp-json\/wp\/v2\/posts\/2453\/revisions"}],"predecessor-version":[{"id":104426,"href":"http:\/\/www.apucarana.pr.gov.br\/site\/wp-json\/wp\/v2\/posts\/2453\/revisions\/104426"}],"wp:attachment":[{"href":"http:\/\/www.apucarana.pr.gov.br\/site\/wp-json\/wp\/v2\/media?parent=2453"}],"wp:term":[{"taxonomy":"category","embeddable":true,"href":"http:\/\/www.apucarana.pr.gov.br\/site\/wp-json\/wp\/v2\/categories?post=2453"},{"taxonomy":"post_tag","embeddable":true,"href":"http:\/\/www.apucarana.pr.gov.br\/site\/wp-json\/wp\/v2\/tags?post=2453"}],"curies":[{"name":"wp","href":"https:\/\/api.w.org\/{rel}","templated":true}]}}