{"id":24527,"date":"2019-06-25T13:02:38","date_gmt":"2019-06-25T16:02:38","guid":{"rendered":"http:\/\/172.16.0.7\/site-antigo\/?p=24527"},"modified":"2024-10-08T09:19:06","modified_gmt":"2024-10-08T12:19:06","slug":"projeto-internacional-alia-esportes-hip-hop-e-espiritualidade","status":"publish","type":"post","link":"http:\/\/www.apucarana.pr.gov.br\/site\/projeto-internacional-alia-esportes-hip-hop-e-espiritualidade\/","title":{"rendered":"Projeto internacional alia esportes, Hip Hop e espiritualidade"},"content":{"rendered":"<p>Praticantes de esportes de a\u00e7\u00e3o e de express\u00f5es da cultura Hip Hop aproveitam a atividade para fazer uma conex\u00e3o com os jovens, levando uma mensagem espiritual e de valoriza\u00e7\u00e3o da vida. O trabalho \u00e9 desenvolvido pela organiza\u00e7\u00e3o Jovens com uma miss\u00e3o (Jocum), com o apoio da Global Xpresion (Diex Global), entidade sediada nos Estados Unidos. Dezesseis jovens mission\u00e1rios est\u00e3o desde o in\u00edcio do m\u00eas em Apucarana e nesta ter\u00e7a-feira (25\/06) fizeram uma visita ao prefeito de Apucarana, Junior da Femac.<br \/>\n\u201cVoc\u00eas s\u00e3o o sopro do esp\u00edrito santo por toda a nossa cidade. Sou engenheiro civil e a minha profiss\u00e3o \u00e9 planejar, construir e fazer obras. Agora, enquanto prefeito, tenho a miss\u00e3o de atender nas diversas \u00e1reas, junto com a equipe, uma popula\u00e7\u00e3o de 135 mil pessoas. Por\u00e9m, s\u00f3 isso n\u00e3o basta. \u00c9 preciso que cada a\u00e7\u00e3o seja atrelada \u00e0 vontade de Deus, \u00e0 palavra de Deus. Apucarana sempre estar\u00e1 de portas abertas, pois voc\u00eas s\u00e3o o sopro da juventude e do Reino de Deus\u201d, disse Junior da Femac.<br \/>\nO grupo conta com intercambistas de pa\u00edses como Canad\u00e1, Estados Unidos e M\u00e9xico, al\u00e9m de v\u00e1rias partes do Brasil como S\u00e3o Paulo, Amazonas, Rio Grande do Sul e Paran\u00e1. A Jocum possui escrit\u00f3rios espalhados pelo Brasil e, no Paran\u00e1, a base est\u00e1 localizada em Curitiba.<br \/>\nCom a ajuda de uma int\u00e9rprete, o prefeito interagiu com os intercambistas, concedendo a cada um deles a palavra para que falassem sobre a experi\u00eancia em Apucarana. Os jovens destacaram a receptividade, a rede de apoio, a uni\u00e3o da cidade, a conserva\u00e7\u00e3o do patrim\u00f4nio p\u00fablico e a liberdade de express\u00e3o religiosa, o que n\u00e3o acontece em outros pa\u00edses. \u201cA ONG recebe jovens de v\u00e1rias denomina\u00e7\u00f5es religiosas. Aqui em Apucarana almo\u00e7amos numa igreja, outra viabiliza alojamento e assim desenvolvemos o trabalho\u201d, explica Rogaciano Santos (Rog\u00e1), coordenador do grupo, destacando o car\u00e1ter ecum\u00eanico da a\u00e7\u00e3o.<br \/>\nEm Apucarana, o grupo visitou diversas escolas estaduais e, antes de finalizar o interc\u00e2mbio, tamb\u00e9m se apresentar\u00e1 na Festa da Cerejeira. \u201cN\u00f3s usamos como m\u00e9todo de chamar a aten\u00e7\u00e3o do jovem e do adolescente os esportes de a\u00e7\u00e3o, como o BMX e skate, e a cultura hip hop. Fazemos apresenta\u00e7\u00f5es em escolas e pra\u00e7as, o que chama aten\u00e7\u00e3o e gera a identifica\u00e7\u00e3o com eles. Depois, falamos que n\u00e3o \u00e9 necess\u00e1rio usar drogas, bebidas ou partir para \u00a0viol\u00eancia para fazer algo diferente\u201d, explica Rog\u00e1.<br \/>\nO jovem Jos\u00e9 Wellington Ferreira Lima, da Igreja Metodista Livre, localizada no Estado de S\u00e3o Paulo, \u00e9 adepto do Hip Hop e utiliza a dan\u00e7a como ferramenta de transforma\u00e7\u00e3o. \u201cDesde os 7 anos sempre gostei de dan\u00e7ar. \u00c9 um talento que veio de Deus e que descobri que posso usar para transformar vidas. Eu sou um exemplo disso, pois me envolvi com as drogas e com a criminalidade em S\u00e3o Paulo. Ent\u00e3o, o meu testemunho me conecta com os jovens e eles me perguntam: como eu saio disso?\u201d, exemplifica o intercambista. \u201cEles vislumbram uma sa\u00edda e vemos neles um olhar de esperan\u00e7a\u201d, completa.<br \/>\nWellington \u00a0afirma que a intera\u00e7\u00e3o nas escolas trouxe experi\u00eancias surpreendentes. \u201cTeve o caso de uma menina que sofreu dois abusos sexuais e guardou esse fato com ela por seis anos. A gente via realmente que era uma pessoa depressiva e quando ela desabafou a gente viu l\u00e1grimas no rosto e tamb\u00e9m al\u00edvio\u201d, relata o jovem.<br \/>\nAntes de Apucarana, o grupo realizou o mesmo trabalho em outras duas cidades: Mafra (SC) e Rio Negro (PR). Em Apucarana, eles contaram com o apoio do Conselho de Ministros Evang\u00e9licos de Apucarana e Regi\u00e3o (CMEAR) e, durante a visita ao gabinete, eles estiveram acompanhados pelos pastores Valdir Silv\u00e9rio dos Reis (presidente), Davi Rocha (2\u00ba tesoureiro) e Jairo Liberato (secret\u00e1rio). Tamb\u00e9m acompanhou a visita o vereador Jos\u00e9 Airton Deco de Ara\u00fajo.<br \/>\n&nbsp;<br \/>\n&nbsp;<\/p>\n","protected":false},"excerpt":{"rendered":"<p>O grupo conta com intercambistas de pa\u00edses como Canad\u00e1, Estados Unidos e M\u00e9xico, al\u00e9m de v\u00e1rias partes do Brasil como S\u00e3o Paulo, Amazonas, Rio Grande do Sul e Paran\u00e1. (Foto: Edson Denobi)<\/p>\n","protected":false},"author":4,"featured_media":24531,"comment_status":"closed","ping_status":"open","sticky":false,"template":"","format":"standard","meta":{"footnotes":""},"categories":[24],"tags":[],"class_list":["post-24527","post","type-post","status-publish","format-standard","has-post-thumbnail","hentry","category-noticias"],"acf":[],"_links":{"self":[{"href":"http:\/\/www.apucarana.pr.gov.br\/site\/wp-json\/wp\/v2\/posts\/24527","targetHints":{"allow":["GET"]}}],"collection":[{"href":"http:\/\/www.apucarana.pr.gov.br\/site\/wp-json\/wp\/v2\/posts"}],"about":[{"href":"http:\/\/www.apucarana.pr.gov.br\/site\/wp-json\/wp\/v2\/types\/post"}],"author":[{"embeddable":true,"href":"http:\/\/www.apucarana.pr.gov.br\/site\/wp-json\/wp\/v2\/users\/4"}],"replies":[{"embeddable":true,"href":"http:\/\/www.apucarana.pr.gov.br\/site\/wp-json\/wp\/v2\/comments?post=24527"}],"version-history":[{"count":1,"href":"http:\/\/www.apucarana.pr.gov.br\/site\/wp-json\/wp\/v2\/posts\/24527\/revisions"}],"predecessor-version":[{"id":100374,"href":"http:\/\/www.apucarana.pr.gov.br\/site\/wp-json\/wp\/v2\/posts\/24527\/revisions\/100374"}],"wp:featuredmedia":[{"embeddable":true,"href":"http:\/\/www.apucarana.pr.gov.br\/site\/wp-json\/"}],"wp:attachment":[{"href":"http:\/\/www.apucarana.pr.gov.br\/site\/wp-json\/wp\/v2\/media?parent=24527"}],"wp:term":[{"taxonomy":"category","embeddable":true,"href":"http:\/\/www.apucarana.pr.gov.br\/site\/wp-json\/wp\/v2\/categories?post=24527"},{"taxonomy":"post_tag","embeddable":true,"href":"http:\/\/www.apucarana.pr.gov.br\/site\/wp-json\/wp\/v2\/tags?post=24527"}],"curies":[{"name":"wp","href":"https:\/\/api.w.org\/{rel}","templated":true}]}}