{"id":2452,"date":"2014-12-16T13:45:59","date_gmt":"2014-12-16T13:45:59","guid":{"rendered":"http:\/\/172.16.0.7\/site-antigo\/?p=2452"},"modified":"2024-10-08T09:09:37","modified_gmt":"2024-10-08T12:09:37","slug":"apucarana-abre-concurso-publico-para-area-operacional","status":"publish","type":"post","link":"http:\/\/www.apucarana.pr.gov.br\/site\/apucarana-abre-concurso-publico-para-area-operacional\/","title":{"rendered":"Apucarana abre concurso p\u00fablico para \u00e1rea operacional"},"content":{"rendered":"<p><p><span style=\"letter-spacing: -0.02em; line-height: 1.45em; background-color: initial;\">A Prefeitura de Apucarana comunica que estar\u00e3o abertas a partir desta quarta-feira (17\/12) ao dia 9 de janeiro, inscri\u00e7\u00f5es para novo concurso p\u00fablico visando complementa\u00e7\u00e3o do quadro permanente de servidores. Ao todo est\u00e3o sendo oferecidas 20 vagas para oper\u00e1rio, 10 vagas para servente de obras e duas vagas para operador de m\u00e1quinas. Para todas as fun\u00e7\u00f5es h\u00e1 reserva de vagas para deficientes f\u00edsicos (uma vaga) e para afrodescendentes (tr\u00eas vagas) e a taxa de inscri\u00e7\u00e3o \u00e9 de apenas R$10 (dez reais). Os sal\u00e1rios, para uma carga hor\u00e1ria semanal de 40 horas, s\u00e3o de R$732,59 para oper\u00e1rio e servente de obras, e de R$1.238,68 para operador de m\u00e1quinas.<br \/><\/span><span style=\"letter-spacing: -0.02em; line-height: 1.45em; background-color: initial;\"><br \/>O prefeito Beto Preto (PT) destaca que s\u00e3o duas as op\u00e7\u00f5es para inscri\u00e7\u00e3o. &ldquo;O candidato pode acessar o portal da prefeitura na internet e preencher o formul\u00e1rio no link &ldquo;concursos&rdquo; (www.apucarana.pr.gov.br) ou ainda comparecer pessoalmente no pr\u00e9dio central, onde haver\u00e1 um guich\u00ea especial&rdquo;, informa.<br \/><\/span><span style=\"letter-spacing: -0.02em; line-height: 1.45em; background-color: initial;\"><br \/>Em ambos ambientes a pessoa poder\u00e1 ter contato com o edital completo do certame. O recolhimento do valor da inscri\u00e7\u00e3o dever\u00e1 ser efetuado nas Casas Lot\u00e9ricas, impreterivelmente, at\u00e9 o dia 10 de janeiro mediante uso de boleto banc\u00e1rio gerado no ato da inscri\u00e7\u00e3o. &ldquo;Sob pena de n\u00e3o homologa\u00e7\u00e3o da inscri\u00e7\u00e3o do candidato&rdquo;, alerta Nicolai Cernescu J\u00fanior, secret\u00e1rio Municipal de Gest\u00e3o P\u00fablica.<br \/><\/span><span style=\"letter-spacing: -0.02em; line-height: 1.45em; background-color: initial;\"><br \/>As provas escritas ser\u00e3o realizadas no dia 25 de janeiro, das 8h30 \u00e0s 11h30. &ldquo;Os port\u00f5es de acesso aos locais onde ser\u00e3o realizadas as provas estar\u00e3o abertos a partir das 7h30 e ser\u00e3o fechados \u00e0s 8h10, devendo o candidato comparecer ao local de provas com anteced\u00eancia m\u00ednima de 30 minutos do hor\u00e1rio fixado para seu in\u00edcio, a fim de tomar conhecimento do ensalamento, o qual estar\u00e1 afixado nos port\u00f5es de acesso do estabelecimento&rdquo;, orienta Nicolai.<br \/><\/span><span style=\"letter-spacing: -0.02em; line-height: 1.45em; background-color: initial;\"><br \/><b>Locais<\/b><\/span><span style=\"letter-spacing: -0.02em; line-height: 1.45em; background-color: initial;\"> &ndash; Os candidatos aos cargos de oper\u00e1rio e servente de obras v\u00e3o prestar a prova escrita na Escola Municipal Karel Kober, situada na Rua Catanduva, 335. J\u00e1 os candidatos ao cargo de operador de m\u00e1quinas dever\u00e3o comparecer ao p\u00e1tio de m\u00e1quinas da Prefeitura de Apucarana, na Rua Piratininga, 317 &ndash; Jardim Ponta Grossa. Para esta fun\u00e7\u00e3o haver\u00e1 prova pr\u00e1tica. &ldquo;A avalia\u00e7\u00e3o ser\u00e1 realizada no mesmo dia da prova escrita, t\u00e3o logo o candidato conclua a realiza\u00e7\u00e3o, independente das condi\u00e7\u00f5es clim\u00e1ticas&rdquo;, esclarece Rosmeire Riveline, superintendente de Recursos Humanos da prefeitura. <\/p>\n<p>De acordo com as normas previstas no edital, ao concluir a prova escrita o candidato dever\u00e1 permanecer no local, para que seja conduzido pelos fiscais para a realiza\u00e7\u00e3o da prova pr\u00e1tica. &ldquo;Todos os avisos e resultados do concurso p\u00fablico ser\u00e3o publicados no Jornal Oficial do Munic\u00edpio, no Jornal Tribuna do Norte e no site <\/span><a href=\"http:\/\/www.apucarana.pr.gov.br\" style=\"letter-spacing: -0.02em; line-height: 1.45em; background-color: initial;\">www.apucarana.pr.gov.br<\/a><span style=\"letter-spacing: -0.02em; line-height: 1.45em; background-color: initial;\"> (\u00f3rg\u00e3os de divulga\u00e7\u00e3o dos atos oficiais do Munic\u00edpio de Apucarana), sendo de inteira responsabilidade do candidato o acompanhamento das publica\u00e7\u00f5es referentes ao concurso p\u00fablico&rdquo;, alerta a superintendente.<\/span><\/p>\n<p><\/p>\n","protected":false},"excerpt":{"rendered":"<p>O candidato pode se inscrever no portal da prefeitura na internet (www.apucarana.pr.gov.br) ou ainda comparecer pessoalmente no pr&eacute;dio central<\/p>\n","protected":false},"author":4,"featured_media":0,"comment_status":"closed","ping_status":"closed","sticky":false,"template":"","format":"standard","meta":{"footnotes":""},"categories":[24],"tags":[],"class_list":["post-2452","post","type-post","status-publish","format-standard","hentry","category-noticias"],"acf":[],"_links":{"self":[{"href":"http:\/\/www.apucarana.pr.gov.br\/site\/wp-json\/wp\/v2\/posts\/2452","targetHints":{"allow":["GET"]}}],"collection":[{"href":"http:\/\/www.apucarana.pr.gov.br\/site\/wp-json\/wp\/v2\/posts"}],"about":[{"href":"http:\/\/www.apucarana.pr.gov.br\/site\/wp-json\/wp\/v2\/types\/post"}],"author":[{"embeddable":true,"href":"http:\/\/www.apucarana.pr.gov.br\/site\/wp-json\/wp\/v2\/users\/4"}],"replies":[{"embeddable":true,"href":"http:\/\/www.apucarana.pr.gov.br\/site\/wp-json\/wp\/v2\/comments?post=2452"}],"version-history":[{"count":1,"href":"http:\/\/www.apucarana.pr.gov.br\/site\/wp-json\/wp\/v2\/posts\/2452\/revisions"}],"predecessor-version":[{"id":104427,"href":"http:\/\/www.apucarana.pr.gov.br\/site\/wp-json\/wp\/v2\/posts\/2452\/revisions\/104427"}],"wp:attachment":[{"href":"http:\/\/www.apucarana.pr.gov.br\/site\/wp-json\/wp\/v2\/media?parent=2452"}],"wp:term":[{"taxonomy":"category","embeddable":true,"href":"http:\/\/www.apucarana.pr.gov.br\/site\/wp-json\/wp\/v2\/categories?post=2452"},{"taxonomy":"post_tag","embeddable":true,"href":"http:\/\/www.apucarana.pr.gov.br\/site\/wp-json\/wp\/v2\/tags?post=2452"}],"curies":[{"name":"wp","href":"https:\/\/api.w.org\/{rel}","templated":true}]}}