{"id":24506,"date":"2019-06-25T08:57:03","date_gmt":"2019-06-25T11:57:03","guid":{"rendered":"http:\/\/172.16.0.7\/site-antigo\/?p=24506"},"modified":"2024-10-08T09:19:06","modified_gmt":"2024-10-08T12:19:06","slug":"turismo-e-cafe-colonial-incrementam-renda-na-propriedade","status":"publish","type":"post","link":"http:\/\/www.apucarana.pr.gov.br\/site\/turismo-e-cafe-colonial-incrementam-renda-na-propriedade\/","title":{"rendered":"Turismo e caf\u00e9 colonial incrementam renda na propriedade"},"content":{"rendered":"<p>A Prefeitura de Apucarana est\u00e1 trabalhando para incentivar o turismo rural no Munic\u00edpio. O prefeito de Apucarana, Junior da Femac, afirma que os agricultores est\u00e3o sendo incentivados a diversificar as propriedades. A cidade ganhou, na \u00faltima semana, um site listando os atrativos tur\u00edsticos para fortalecer o setor.<br \/>\nDe acordo com Junior da Femac, diversificar \u00e9 importante para aumentar a renda no campo. \u201cIsso pode acontecer de diversas maneiras, envolvendo atividades como a fruticultura, piscicultura, pecu\u00e1ria leiteira, agroind\u00fastria familiar, hortifrutis, e tamb\u00e9m com o investimento no turismo rural\u201d, salienta Junior da Femac.<br \/>\nO turismo rural \u00e9 mais uma atividade que est\u00e1 sendo agregada junto com a uma pequena agroind\u00fastria implantada pela fam\u00edlia Kussmaul. A propriedade localizada na estrada do Bilote, a sete quil\u00f4metros da cidade de Apucarana, j\u00e1 fornece produtos para a merenda escolar do Munic\u00edpio e tamb\u00e9m comercializa parte da produ\u00e7\u00e3o na Feira do Produtor. Agora, aproveitando a estrutura existente, o espa\u00e7o ser\u00e1 aberto ao p\u00fablico onde aos finais de semana ser\u00e1 servido um caf\u00e9 colonial. Al\u00e9m dos atrativos naturais, o lugar preserva a hist\u00f3ria da fam\u00edlia e tamb\u00e9m curiosidades.<br \/>\nPara marcar a iniciativa, os empreendedores criaram a MK Turismo Rural, que leva as iniciais do nome da propriet\u00e1ria: Margarete Kussmaul. Nascida e criada nesta regi\u00e3o do munic\u00edpio, Margarete administra o espa\u00e7o com o marido, Osvaldo Kussmaul. \u201cEstamos ampliando a nossa atua\u00e7\u00e3o na \u00e1rea do turismo, uma vez que a nossa propriedade j\u00e1 \u00e9 h\u00e1 15 anos ponto de descanso para grupos de caminhadas rurais\u201d, conta Margarete.<br \/>\nAl\u00e9m do caf\u00e9 que \u00e9 servido no local, os caminhantes tamb\u00e9m apreciam conhecer os atrativos naturais. \u201cEles v\u00eam aqui para o caf\u00e9, mas fazem quest\u00e3o de andar na propriedade, at\u00e9 chegar no ponto mais alto de um morro que tem aqui\u201d, relata Margarete.<br \/>\nO morro, que tem um aclive de cerca de 50 metros e de onde na base \u00e9 retirado cascalho para recuperar as estradas da regi\u00e3o, guarda algumas curiosidades. \u201cUm dia um aviador apareceu aqui em casa, bastante intrigado. Ele disse que toda vez que sobrevoava esse morro notava que a b\u00fassola do avi\u00e3o disparava\u201d, relata Margarete.<br \/>\nAnos mais tarde a hist\u00f3ria foi confirmada por um t\u00e9cnico de uma empresa de abate de frango, pois na \u00e9poca a fam\u00edlia pretendia construir um avi\u00e1rio. \u201cEle veio com uma b\u00fassola para determinar o lugar exato onde deveria ficar o barrac\u00e3o, tendo em vista o nascente e o p\u00f4r do sol. Inv\u00e9s de os ponteiros permanecerem est\u00e1ticos, eles ficaram vibrando e n\u00e3o foi poss\u00edvel tirar as coordenadas\u201d, conta Osvaldo Kussmaul.<br \/>\nOs propriet\u00e1rios buscam explica\u00e7\u00f5es para o fen\u00f4meno e cogitam a exist\u00eancia de algum tipo de min\u00e9rio. \u201c\u00c9 o que a gente imagina, pois \u00e9 um fato muito estranho. \u00c9 uma curiosidade que temos para contar aos visitantes\u201d, afirma Margarete.<br \/>\n<strong>INGREDIENTES EXTRA\u00cdDOS DA PROPRIEDADE<\/strong> &#8211; A fam\u00edlia j\u00e1 oferece o caf\u00e9 rural &#8211; mais simples e composto de cinco itens &#8211; e agora est\u00e1 incrementando a atividade com o caf\u00e9 colonial, com at\u00e9 22 itens. \u201cPor\u00e9m, o caf\u00e9 colonial deve ser agendado com anteced\u00eancia, com um n\u00famero m\u00ednimo de 10 a 15 pessoas\u201d, observa a propriet\u00e1ria da MK Turismo Rural, acrescentando que a maior parte da iguaria \u00e9 confeccionada com o que \u00e9 plantado na propriedade. \u201cS\u00f3 compramos caf\u00e9 , a\u00e7\u00facar e a farinha. O restante, como as frutas para doces, geleias e sucos v\u00eam daqui mesmo. Por isso, dizemos que \u00e9 um caf\u00e9 legitimamente colonial\u201d, frisa.<br \/>\nA propriedade da fam\u00edlia Kussmaul possui diversos atrativos, especialmente para crian\u00e7as, como horta org\u00e2nica, canteiros de flores, balan\u00e7os suspensos em uma frondosa \u00e1rvore, cavalos, vacas, bezerros, gansos, marrecos, galinha da angola e avestruz. \u201cAl\u00e9m disso, h\u00e1 o morro que guarda esta curiosidade e que oferece um visual maravilhoso de toda essa regi\u00e3o. H\u00e1 ainda um lugar em mem\u00f3ria a Dona Joanina, pioneira e l\u00edder comunit\u00e1ria que faleceu recentemente e que legou o esp\u00edrito de lideran\u00e7a e todo o conhecimento do cultivo org\u00e2nico para a fam\u00edlia\u201d, completa Jos\u00e9 Luiz Porto, secret\u00e1rio municipal de Agricultura.<\/p>\n","protected":false},"excerpt":{"rendered":"<p> Agricultores est\u00e3o sendo incentivados a diversificar as propriedades, adequando a estrutura tamb\u00e9m para receber visitantes. (Fotos: Edson Denobi)<\/p>\n","protected":false},"author":4,"featured_media":24515,"comment_status":"closed","ping_status":"open","sticky":false,"template":"","format":"standard","meta":{"footnotes":""},"categories":[24],"tags":[],"class_list":["post-24506","post","type-post","status-publish","format-standard","has-post-thumbnail","hentry","category-noticias"],"acf":[],"_links":{"self":[{"href":"http:\/\/www.apucarana.pr.gov.br\/site\/wp-json\/wp\/v2\/posts\/24506","targetHints":{"allow":["GET"]}}],"collection":[{"href":"http:\/\/www.apucarana.pr.gov.br\/site\/wp-json\/wp\/v2\/posts"}],"about":[{"href":"http:\/\/www.apucarana.pr.gov.br\/site\/wp-json\/wp\/v2\/types\/post"}],"author":[{"embeddable":true,"href":"http:\/\/www.apucarana.pr.gov.br\/site\/wp-json\/wp\/v2\/users\/4"}],"replies":[{"embeddable":true,"href":"http:\/\/www.apucarana.pr.gov.br\/site\/wp-json\/wp\/v2\/comments?post=24506"}],"version-history":[{"count":1,"href":"http:\/\/www.apucarana.pr.gov.br\/site\/wp-json\/wp\/v2\/posts\/24506\/revisions"}],"predecessor-version":[{"id":100375,"href":"http:\/\/www.apucarana.pr.gov.br\/site\/wp-json\/wp\/v2\/posts\/24506\/revisions\/100375"}],"wp:featuredmedia":[{"embeddable":true,"href":"http:\/\/www.apucarana.pr.gov.br\/site\/wp-json\/"}],"wp:attachment":[{"href":"http:\/\/www.apucarana.pr.gov.br\/site\/wp-json\/wp\/v2\/media?parent=24506"}],"wp:term":[{"taxonomy":"category","embeddable":true,"href":"http:\/\/www.apucarana.pr.gov.br\/site\/wp-json\/wp\/v2\/categories?post=24506"},{"taxonomy":"post_tag","embeddable":true,"href":"http:\/\/www.apucarana.pr.gov.br\/site\/wp-json\/wp\/v2\/tags?post=24506"}],"curies":[{"name":"wp","href":"https:\/\/api.w.org\/{rel}","templated":true}]}}