{"id":24502,"date":"2019-06-24T18:42:26","date_gmt":"2019-06-24T21:42:26","guid":{"rendered":"http:\/\/172.16.0.7\/site-antigo\/?p=24502"},"modified":"2024-10-08T09:19:06","modified_gmt":"2024-10-08T12:19:06","slug":"rodonorte-anuncia-duplicacao-segundo-trecho-do-contorno-sul","status":"publish","type":"post","link":"http:\/\/www.apucarana.pr.gov.br\/site\/rodonorte-anuncia-duplicacao-segundo-trecho-do-contorno-sul\/","title":{"rendered":"RodoNorte anuncia duplica\u00e7\u00e3o segundo trecho do contorno sul"},"content":{"rendered":"<p style=\"font-weight: 400\">\n<p style=\"font-weight: 400\">Os engenheiros Luiz Carlos Fernandes e Melissa Maronezi, da CCR RodoNorte, anunciaram hoje (24) ao prefeito de Apucarana, Junior da Femac, o in\u00edcio imediato da segunda etapa das obras de duplica\u00e7\u00e3o do Contorno Sul de Apucarana. Segundo eles, a empreiteira respons\u00e1vel pela duplica\u00e7\u00e3o do trecho \u00e9 a J. Malucelli, que deve contratar cerca de trezentos trabalhadores para o novo canteiro de obras.<\/p>\n<p style=\"font-weight: 400\">O segundo trecho a ser duplicado \u00e9 de 6,6 quil\u00f4metros e inclui tr\u00eas obras de arte: viaduto junto a estrada do Rio Bom, viaduto ao lado da subesta\u00e7\u00e3o da Copel (acesso \u00e0 Vila Rural Nova Ucr\u00e2nia), e ponte sobre o Rio Bigua\u00e7u. O trecho a ser duplicado vai da estrada do Rio Bom at\u00e9 o novo viaduto, junto \u00e0 BR-376. O engenheiro da RodoNorte, Luiz Carlos Fernandes, informa que este novo trecho deve ser conclu\u00eddo em novembro de 2020.<\/p>\n<p style=\"font-weight: 400\">A primeira etapa da duplica\u00e7\u00e3o no sentido Maring\u00e1-Curitiba, partindo do acesso ao 10\u00ba BPM at\u00e9 a interse\u00e7\u00e3o com a Rua Cristiano Kussmaul (estrada para Rio Bom), est\u00e1 bastante adiantada, neste trecho de 3,6 quil\u00f4metros. \u201cChegamos a 85% das obras executadas e at\u00e9 o m\u00eas de novembro este primeiro trecho estar\u00e1 conclu\u00eddo e liberado ao tr\u00e1fego\u201d, anunciou Fernandes.<\/p>\n<p style=\"font-weight: 400\">O prefeito Junior da Femac se manifestou satisfeito com o in\u00edcio da segunda etapa da duplica\u00e7\u00e3o do contorno sul, lembrando que ele e o ex-prefeito e atual secret\u00e1rio da sa\u00fade do Paran\u00e1, Dr. Beto Preto, gestionaram junto ao Departamento de Estradas de Rodagem (DER) para a libera\u00e7\u00e3o deste segundo trecho. \u201cTrata-se de um investimento total de R$ 70 milh\u00f5es na duplica\u00e7\u00e3o e implanta\u00e7\u00e3o de viadutos, ponte e conten\u00e7\u00f5es, que em breve podem impulsionar novos empreendimentos nesta regi\u00e3o\u201d, avalia Junior da Femac.<\/p>\n<p style=\"font-weight: 400\">Para viabilizar a obra, ser\u00e3o feitas 33 desapropria\u00e7\u00f5es pelo Departamento de Estradas de Rodagem (DER). E deste total, seis s\u00e3o de \u00e1reas de propriedade do munic\u00edpio, que ser\u00e3o cedidas ao DER. \u201cEstamos agilizando estes tr\u00e2mites para dar encaminhamento \u00e0s obras\u201d, explica Junior da Femac.<\/p>\n<p style=\"font-weight: 400\">O engenheiro Luiz Carlos Fernandes diz que a preocupa\u00e7\u00e3o no momento \u00e9 encaminhar a libera\u00e7\u00e3o das \u00e1reas de desapropria\u00e7\u00f5es. Ele avalia que a duplica\u00e7\u00e3o do contorno sul \u00e9 muito aguardada n\u00e3o s\u00f3 pelos apucaranenses, mas por todos os usu\u00e1rios da rodovia que, na pr\u00e1tica, liga Curitiba a toda a regi\u00e3o de Maring\u00e1.<\/p>\n<p style=\"font-weight: 400\">O Contorno Sul, de acordo com o prefeito, est\u00e1 situado em regi\u00e3o estrat\u00e9gica de expans\u00e3o da cidade, que j\u00e1 apresenta crescimento industrial e residencial. \u201cAl\u00e9m de novos loteamentos industriais, teremos nesta regi\u00e3o o novo cemit\u00e9rio municipal na Gleba Nova Ucr\u00e2nia, e projetos para libera\u00e7\u00e3o de novos loteamentos residenciais\u201d, explica Junior, assinalando que a duplica\u00e7\u00e3o e os viadutos ir\u00e3o assegurar mais seguran\u00e7a e mobilidade no Contorno Sul.<\/p>\n","protected":false},"excerpt":{"rendered":"<p>Investimento total \u00e9 de R$ 70 milh\u00f5es. Primeiro trecho de 3,5 km tem 85% das obras executadas e ser\u00e1 entregue em novembro (Fotos &#8211; Profeta)<\/p>\n","protected":false},"author":4,"featured_media":24503,"comment_status":"closed","ping_status":"open","sticky":false,"template":"","format":"standard","meta":{"footnotes":""},"categories":[24],"tags":[],"class_list":["post-24502","post","type-post","status-publish","format-standard","has-post-thumbnail","hentry","category-noticias"],"acf":[],"_links":{"self":[{"href":"http:\/\/www.apucarana.pr.gov.br\/site\/wp-json\/wp\/v2\/posts\/24502","targetHints":{"allow":["GET"]}}],"collection":[{"href":"http:\/\/www.apucarana.pr.gov.br\/site\/wp-json\/wp\/v2\/posts"}],"about":[{"href":"http:\/\/www.apucarana.pr.gov.br\/site\/wp-json\/wp\/v2\/types\/post"}],"author":[{"embeddable":true,"href":"http:\/\/www.apucarana.pr.gov.br\/site\/wp-json\/wp\/v2\/users\/4"}],"replies":[{"embeddable":true,"href":"http:\/\/www.apucarana.pr.gov.br\/site\/wp-json\/wp\/v2\/comments?post=24502"}],"version-history":[{"count":1,"href":"http:\/\/www.apucarana.pr.gov.br\/site\/wp-json\/wp\/v2\/posts\/24502\/revisions"}],"predecessor-version":[{"id":100376,"href":"http:\/\/www.apucarana.pr.gov.br\/site\/wp-json\/wp\/v2\/posts\/24502\/revisions\/100376"}],"wp:featuredmedia":[{"embeddable":true,"href":"http:\/\/www.apucarana.pr.gov.br\/site\/wp-json\/"}],"wp:attachment":[{"href":"http:\/\/www.apucarana.pr.gov.br\/site\/wp-json\/wp\/v2\/media?parent=24502"}],"wp:term":[{"taxonomy":"category","embeddable":true,"href":"http:\/\/www.apucarana.pr.gov.br\/site\/wp-json\/wp\/v2\/categories?post=24502"},{"taxonomy":"post_tag","embeddable":true,"href":"http:\/\/www.apucarana.pr.gov.br\/site\/wp-json\/wp\/v2\/tags?post=24502"}],"curies":[{"name":"wp","href":"https:\/\/api.w.org\/{rel}","templated":true}]}}