{"id":2450,"date":"2014-12-15T14:42:59","date_gmt":"2014-12-15T14:42:59","guid":{"rendered":"http:\/\/172.16.0.7\/site-antigo\/?p=2450"},"modified":"2024-10-08T09:09:38","modified_gmt":"2024-10-08T12:09:38","slug":"implantacao-de-novo-sistema-suspende-emissao-de-carteiras-nas-agencias-do-trabalhador","status":"publish","type":"post","link":"http:\/\/www.apucarana.pr.gov.br\/site\/implantacao-de-novo-sistema-suspende-emissao-de-carteiras-nas-agencias-do-trabalhador\/","title":{"rendered":"Implanta\u00e7\u00e3o de novo sistema suspende emiss\u00e3o de carteiras nas Ag\u00eancias do Trabalhador"},"content":{"rendered":"<p><p><span style=\"letter-spacing: -0.02em; line-height: 1.45em; background-color: initial;\">A Ger\u00eancia Regional do Trabalho e Emprego, em Londrina, emitiu nesta semana um comunicado a todas as ag\u00eancias do trabalhador de sua \u00e1rea de abrang\u00eancia orientando a suspens\u00e3o do servi\u00e7o de emiss\u00e3o de Carteiras de Trabalho e Previd\u00eancia Social (CTPS). &ldquo;Na mensagem eletr&ocirc;nica, assinada pelo gerente regional, Jos\u00e9 Roberto Barizon, a Ag\u00eancia do Trabalhador de Apucarana \u00e9 orientada a n\u00e3o abrir mais protocolos de emiss\u00e3o&rdquo;, explica Lucas Ortiz Leugi, gerente local. De acordo com ele, a suspens\u00e3o \u00e9 necess\u00e1ria para a implanta\u00e7\u00e3o do sistema CTPSWEB 3.0, que vai possibilitar mais agilidade na emiss\u00e3o do documento.<br \/><\/span><span style=\"letter-spacing: -0.02em; line-height: 1.45em; background-color: initial;\"><br \/>Segundo a coordena\u00e7\u00e3o de Identifica\u00e7\u00e3o Profissional do Minist\u00e9rio do Trabalho e Emprego (MTE), a paralisa\u00e7\u00e3o \u00e9 necess\u00e1ria para migra\u00e7\u00e3o dos bancos de dados e de imagens da atual vers\u00e3o.<br \/><\/span><span style=\"letter-spacing: -0.02em; line-height: 1.45em; background-color: initial;\"><br \/>A confec\u00e7\u00e3o de carteiras de trabalho pela <\/span><span style=\"letter-spacing: -0.02em; line-height: 1.45em; background-color: initial;\">Ag\u00eancia do Trabalhador de Apucarana teve in\u00edcio em junho deste ano. &ldquo;A partir de ent\u00e3o tivemos bastante procura, chegando hoje a uma m\u00e9dia de 30 protolocos semanais de pedidos pelo documento&rdquo;, observa Leugi. Ele comunica que a retomada do servi\u00e7o, que \u00e9 gratuito, ainda n\u00e3o tem dada definida. &ldquo;Vamos ficar no aguardo de um novo comunicado da nossa ger\u00eancia regional&rdquo;, diz.<br \/><\/span><span style=\"letter-spacing: -0.02em; line-height: 1.45em; background-color: initial;\"><br \/>Respons\u00e1vel pela capta\u00e7\u00e3o de vagas de emprego, intermedia\u00e7\u00e3o de m\u00e3o de obra, promo\u00e7\u00e3o de cursos de capacita\u00e7\u00e3o do trabalhador e libera\u00e7\u00e3o do benef\u00edcio seguro-desemprego, as ag\u00eancias do trabalhador no Paran\u00e1 est\u00e3o ligadas ao Sistema Nacional de Empregos do Governo Federal (Sine). As unidades s\u00e3o administradas em parceria pelo Governo Estadual e prefeituras.<br \/><\/span><span style=\"letter-spacing: -0.02em; line-height: 1.45em; background-color: initial;\"><br \/><b>Servi\u00e7o<\/b><\/span><span style=\"letter-spacing: -0.02em; line-height: 1.45em; background-color: initial;\">&ndash; A Ag\u00eancia do Trabalhador de Apucarana fica na Rua Ren\u00ea Camargo de Azambuja, 705. Funciona de segunda a sexta-feira, das 8 \u00e0s 17 horas. O contato pode ser feito pelos telefones 3423-1376\/3423-5266.<\/span><\/p>\n<p><\/p>\n","protected":false},"excerpt":{"rendered":"<p>Paralisa&ccedil;&atilde;o &eacute; necess&aacute;ria para migra&ccedil;&atilde;o dos bancos de dados e de imagens da atual vers&atilde;o<\/p>\n","protected":false},"author":4,"featured_media":0,"comment_status":"closed","ping_status":"closed","sticky":false,"template":"","format":"standard","meta":{"footnotes":""},"categories":[24],"tags":[],"class_list":["post-2450","post","type-post","status-publish","format-standard","hentry","category-noticias"],"acf":[],"_links":{"self":[{"href":"http:\/\/www.apucarana.pr.gov.br\/site\/wp-json\/wp\/v2\/posts\/2450","targetHints":{"allow":["GET"]}}],"collection":[{"href":"http:\/\/www.apucarana.pr.gov.br\/site\/wp-json\/wp\/v2\/posts"}],"about":[{"href":"http:\/\/www.apucarana.pr.gov.br\/site\/wp-json\/wp\/v2\/types\/post"}],"author":[{"embeddable":true,"href":"http:\/\/www.apucarana.pr.gov.br\/site\/wp-json\/wp\/v2\/users\/4"}],"replies":[{"embeddable":true,"href":"http:\/\/www.apucarana.pr.gov.br\/site\/wp-json\/wp\/v2\/comments?post=2450"}],"version-history":[{"count":1,"href":"http:\/\/www.apucarana.pr.gov.br\/site\/wp-json\/wp\/v2\/posts\/2450\/revisions"}],"predecessor-version":[{"id":104429,"href":"http:\/\/www.apucarana.pr.gov.br\/site\/wp-json\/wp\/v2\/posts\/2450\/revisions\/104429"}],"wp:attachment":[{"href":"http:\/\/www.apucarana.pr.gov.br\/site\/wp-json\/wp\/v2\/media?parent=2450"}],"wp:term":[{"taxonomy":"category","embeddable":true,"href":"http:\/\/www.apucarana.pr.gov.br\/site\/wp-json\/wp\/v2\/categories?post=2450"},{"taxonomy":"post_tag","embeddable":true,"href":"http:\/\/www.apucarana.pr.gov.br\/site\/wp-json\/wp\/v2\/tags?post=2450"}],"curies":[{"name":"wp","href":"https:\/\/api.w.org\/{rel}","templated":true}]}}