{"id":24492,"date":"2019-06-24T16:33:44","date_gmt":"2019-06-24T19:33:44","guid":{"rendered":"http:\/\/172.16.0.7\/site-antigo\/?p=24492"},"modified":"2024-10-08T09:19:07","modified_gmt":"2024-10-08T12:19:07","slug":"atletas-de-apucarana-se-destacam-no-parajaps","status":"publish","type":"post","link":"http:\/\/www.apucarana.pr.gov.br\/site\/atletas-de-apucarana-se-destacam-no-parajaps\/","title":{"rendered":"Atletas de Apucarana se destacam no PARAJAPS"},"content":{"rendered":"<p>A equipe de atletismo paral\u00edmpica da Secretaria Municipal de Esportes de Apucarana representou o munic\u00edpio nos Jogos Abertos Paradesportivos do Paran\u00e1 (PARAJAPS), disputados nos dias 20, 21 e 22 de junho, em Londrina.<br \/>\nCom o incentivo da gest\u00e3o Beto Preto, atrav\u00e9s do prefeito Junior da Femac e da secret\u00e1ria de esportes Jossuela Pinheiro, representaram Apucarana nas categorias paral\u00edmpicas 4 atletas deficientes visuais (dv) 1 atleta deficiente f\u00edsico (df)\u00a0 e 2 guias;<br \/>\nA equipe de atletismo paral\u00edmpica de Apucarana foi o destaque, ficando em segundo lugar na classifica\u00e7\u00e3o geral dos deficientes visuais (dv). Apucarana conquistou 8 medalhas de ouro,\u00a0 8 medalhas de prata e 1 medalha de bronze.<br \/>\nOs alunos da APAE de Apucarana tamb\u00e9m participaram do PARAJAPS, na modalidade Golf 7, masculino. Nesta modalidade, o atleta Jonatan de Souza Santos conquistou a terceira coloca\u00e7\u00e3o na prova de tacada, e Douglas H. Oliveira o quinto lugar na prova do Cross.<br \/>\n&nbsp;<br \/>\n<strong><u>RESULTADOS INDIVIDUAIS:<\/u><\/strong><br \/>\n&nbsp;<br \/>\n<strong><u>CATEGORIA DV (DEFICIENTE VISUAL) F 11- PROVA DO ARREMESSO DO PESO<\/u><\/strong><br \/>\n&nbsp;<\/p>\n<table>\n<tbody>\n<tr>\n<td width=\"147\"><strong>CLASSIFICA\u00c7\u00c3O<\/strong><\/td>\n<td width=\"253\"><strong>NOME DO ATLETA<\/strong><\/td>\n<\/tr>\n<tr>\n<td width=\"147\">4\u00ba COLOCADO<\/td>\n<td width=\"253\">N\u00c9LIO DUTKA MILOVSKI<\/td>\n<\/tr>\n<\/tbody>\n<\/table>\n<p>&nbsp;<br \/>\n<strong><u>CATEGORIA DV (DEFICIENTE VISUAL) F 11- PROVA DO LAN\u00c7AMENTO DO DARDO<\/u><\/strong><br \/>\n&nbsp;<\/p>\n<table>\n<tbody>\n<tr>\n<td width=\"147\"><strong>CLASSIFICA\u00c7\u00c3O<\/strong><\/td>\n<td width=\"253\"><strong>NOME DO ATLETA<\/strong><\/td>\n<\/tr>\n<tr>\n<td width=\"147\">4\u00ba COLOCADO<\/td>\n<td width=\"253\">N\u00c9LIO DUTKA MILOVSKI<\/td>\n<\/tr>\n<tr>\n<td width=\"147\">9\u00ba COLOCADO<\/td>\n<td width=\"253\">JOS\u00c9 CARLOS SANTOS<\/td>\n<\/tr>\n<\/tbody>\n<\/table>\n<p>&nbsp;<br \/>\n<strong><u>CATEGORIA DV (DEFICIENTE VISUAL) F 11- PROVA DO LAN\u00c7AMENTO DO DISCO<\/u><\/strong><br \/>\n&nbsp;<\/p>\n<table>\n<tbody>\n<tr>\n<td width=\"147\"><strong>CLASSIFICA\u00c7\u00c3O<\/strong><\/td>\n<td width=\"253\"><strong>NOME DO ATLETA<\/strong><\/td>\n<\/tr>\n<tr>\n<td width=\"147\">4\u00ba COLOCADO<\/td>\n<td width=\"253\">JOS\u00c9 CARLOS SANTOS<\/td>\n<\/tr>\n<tr>\n<td width=\"147\">5\u00baCOLOCADO<\/td>\n<td width=\"253\">N\u00c9LIO DUTKA MILOVSKI<\/td>\n<\/tr>\n<\/tbody>\n<\/table>\n<p>&nbsp;<br \/>\n<strong><u>CATEGORIA DV (DEFICIENTE VISUAL) T 13- PROVA DO 5000 METROS RASOS<\/u><\/strong><br \/>\n&nbsp;<\/p>\n<table>\n<tbody>\n<tr>\n<td width=\"147\"><strong>CLASSIFICA\u00c7\u00c3O<\/strong><\/td>\n<td width=\"253\"><strong>NOME DO ATLETA<\/strong><\/td>\n<\/tr>\n<tr>\n<td width=\"147\">1\u00ba COLOCADO<\/td>\n<td width=\"253\">UBIRATAN LUIS DE OLIVEIRA<\/td>\n<\/tr>\n<\/tbody>\n<\/table>\n<p>&nbsp;<br \/>\n&nbsp;<br \/>\n&nbsp;<br \/>\n<strong><u>CATEGORIA DV (DEFICIENTE VISUAL) T 13- PROVA DO 1500 METROS RASOS<\/u><\/strong><br \/>\n&nbsp;<\/p>\n<table>\n<tbody>\n<tr>\n<td width=\"147\"><strong>CLASSIFICA\u00c7\u00c3O<\/strong><\/td>\n<td width=\"253\"><strong>NOME DO ATLETA<\/strong><\/td>\n<\/tr>\n<tr>\n<td width=\"147\">1\u00ba COLOCADO<\/td>\n<td width=\"253\">UBIRATAN LUIS DE OLIVEIRA<\/td>\n<\/tr>\n<\/tbody>\n<\/table>\n<p>&nbsp;<br \/>\n<strong><u>\u00a0<\/u><\/strong><br \/>\n<strong><u>\u00a0<\/u><\/strong><br \/>\n<strong><u>CATEGORIA DV (DEFICIENTE VISUAL) T 13- PROVA DO 800 METROS RASOS<\/u><\/strong><br \/>\n&nbsp;<\/p>\n<table>\n<tbody>\n<tr>\n<td width=\"147\"><strong>CLASSIFICA\u00c7\u00c3O<\/strong><\/td>\n<td width=\"253\"><strong>NOME DO ATLETA<\/strong><\/td>\n<\/tr>\n<tr>\n<td width=\"147\">2\u00ba COLOCADO<\/td>\n<td width=\"253\">UBIRATAN LUIS DE OLIVEIRA<\/td>\n<\/tr>\n<\/tbody>\n<\/table>\n<p>&nbsp;<br \/>\n<strong><u>CATEGORIA DV (DEFICIENTE VISUAL) T 12 &#8211; PROVA DO 1500 METROS RASOS<\/u><\/strong><br \/>\n&nbsp;<\/p>\n<table>\n<tbody>\n<tr>\n<td width=\"147\"><strong>2\u00ba COLOCADO<\/strong><\/td>\n<td width=\"253\"><strong>JO\u00c3O MOREIRA<\/strong><\/td>\n<\/tr>\n<\/tbody>\n<\/table>\n<p><strong><u>CATEGORIA DV (DEFICIENTE VISUAL) T 12 &#8211; PROVA DO 800 METROS RASOS<\/u><\/strong><br \/>\n&nbsp;<\/p>\n<table>\n<tbody>\n<tr>\n<td width=\"147\"><strong>2\u00ba COLOCADO<\/strong><\/td>\n<td width=\"253\"><strong>JO\u00c3O MOREIRA<\/strong><\/td>\n<\/tr>\n<tr>\n<td width=\"147\"><\/td>\n<td width=\"253\">RECORDE DO PARAJAP\u2019S<\/td>\n<\/tr>\n<\/tbody>\n<\/table>\n<p>&nbsp;<br \/>\n<strong><u>CATEGORIA DV (DEFICIENTE VISUAL) T 12 &#8211; PROVA DO LAN\u00c7AMENTO DO DARDO<\/u><\/strong><br \/>\n&nbsp;<\/p>\n<table>\n<tbody>\n<tr>\n<td width=\"147\"><strong>CLASSIFICA\u00c7\u00c3O<\/strong><\/td>\n<td width=\"253\"><strong>NOME DO ATLETA<\/strong><\/td>\n<\/tr>\n<tr>\n<td width=\"147\"><strong>1\u00ba COLOCADO<\/strong><\/td>\n<td width=\"253\">JO\u00c3O MOREIRA<\/td>\n<\/tr>\n<tr>\n<td width=\"147\"><\/td>\n<td width=\"253\">RECORDE DO PARAJAP\u2019S<\/td>\n<\/tr>\n<\/tbody>\n<\/table>\n<p><strong><u>\u00a0<\/u><\/strong><br \/>\n<strong><u>CATEGORIA DV (DEFICIENTE VISUAL) T 11 AO T13 &#8211; PROVA DO REVEZAMENTO 4X400<\/u><\/strong><br \/>\n&nbsp;<\/p>\n<table>\n<tbody>\n<tr>\n<td width=\"147\"><strong>1\u00ba COLOCADO<\/strong><\/td>\n<td width=\"253\">JO\u00c3O MOREIRA<\/td>\n<\/tr>\n<tr>\n<td width=\"147\"><\/td>\n<td width=\"253\">JOS\u00c9 CARLOS SANTOS<\/td>\n<\/tr>\n<tr>\n<td width=\"147\"><\/td>\n<td width=\"253\">N\u00c9LIO DUTKA<\/td>\n<\/tr>\n<tr>\n<td width=\"147\"><\/td>\n<td width=\"253\">UBIRATAN LUIS OLIVEIRA<\/td>\n<\/tr>\n<\/tbody>\n<\/table>\n<p>&nbsp;<br \/>\n<strong><u>CATEGORIA DV (DEFICIENTE VISUAL) T 11 AO T13 &#8211; PROVA DO REVEZAMENTO 4X100<\/u><\/strong><br \/>\n&nbsp;<\/p>\n<table>\n<tbody>\n<tr>\n<td width=\"147\"><strong>2\u00ba COLOCADO<\/strong><\/td>\n<td width=\"253\">JO\u00c3O MOREIRA<\/td>\n<\/tr>\n<tr>\n<td width=\"147\"><\/td>\n<td width=\"253\">JOS\u00c9 CARLOS SANTOS<\/td>\n<\/tr>\n<tr>\n<td width=\"147\"><\/td>\n<td width=\"253\">N\u00c9LIO DUTKA<\/td>\n<\/tr>\n<tr>\n<td width=\"147\"><\/td>\n<td width=\"253\">UBIRATAN LUIS OLIVEIRA<\/td>\n<\/tr>\n<\/tbody>\n<\/table>\n<p>&nbsp;<br \/>\n<strong><u>CATEGORIA DF (DEFICIENTE FISICO) T 37- PROVA DO 1.500 METROS RASOS<\/u><\/strong><br \/>\n&nbsp;<\/p>\n<table>\n<tbody>\n<tr>\n<td width=\"147\"><strong>CLASSIFICA\u00c7\u00c3O<\/strong><\/td>\n<td width=\"253\"><strong>NOME DO ATLETA<\/strong><\/td>\n<\/tr>\n<tr>\n<td width=\"147\"><strong>2\u00ba COLOCADO<\/strong><\/td>\n<td width=\"253\">LUAN CANDIOTO DA SILVA<\/td>\n<\/tr>\n<tr>\n<td width=\"147\"><\/td>\n<td width=\"253\"><\/td>\n<\/tr>\n<\/tbody>\n<\/table>\n<p>&nbsp;<br \/>\n<strong><u>CATEGORIA DF (DEFICIENTE FISICO) T 37- PROVA DO 800 METROS RASOS<\/u><\/strong><br \/>\n&nbsp;<\/p>\n<table>\n<tbody>\n<tr>\n<td width=\"147\"><strong>CLASSIFICA\u00c7\u00c3O<\/strong><\/td>\n<td width=\"253\"><strong>NOME DO ATLETA<\/strong><\/td>\n<\/tr>\n<tr>\n<td width=\"147\"><strong>2\u00ba COLOCADO<\/strong><\/td>\n<td width=\"253\">LUAN CANDIOTO DA SILVA<\/td>\n<\/tr>\n<tr>\n<td width=\"147\"><\/td>\n<td width=\"253\"><\/td>\n<\/tr>\n<\/tbody>\n<\/table>\n<p>&nbsp;<br \/>\n<strong><u>CATEGORIA DF (DEFICIENTE FISICO) T 37- PROVA DO 400 METROS RASOS<\/u><\/strong><br \/>\n&nbsp;<\/p>\n<table>\n<tbody>\n<tr>\n<td width=\"147\"><strong>CLASSIFICA\u00c7\u00c3O<\/strong><\/td>\n<td width=\"253\"><strong>NOME DO ATLETA<\/strong><\/td>\n<\/tr>\n<tr>\n<td width=\"147\">3\u00ba COLOCADO<\/td>\n<td width=\"253\">LUAN CANDIOTO DA SILVA<\/td>\n<\/tr>\n<tr>\n<td width=\"147\"><\/td>\n<td width=\"253\"><\/td>\n<\/tr>\n<\/tbody>\n<\/table>\n<p>&nbsp;<br \/>\n<strong>GUIAS: OS ATLETAS LUIZ HENRIQUE (LUIZINHO) E MATHEUS SOUZA.<\/strong><br \/>\n<strong>\u00a0<\/strong><br \/>\n<strong>T\u00c9CNICO: PROFESSOR JOS\u00c9 MARCELINO DA SILVA (GRILLO) (ATLETISMO)<\/strong><br \/>\n&nbsp;<br \/>\n&nbsp;<\/p>\n","protected":false},"excerpt":{"rendered":"<p>Jogos Abertos Paradesportivos do Paran\u00e1 (PARAJAPS) foram disputados no \u00faltimo final de semana, em Londrina<\/p>\n","protected":false},"author":4,"featured_media":24493,"comment_status":"closed","ping_status":"open","sticky":false,"template":"","format":"standard","meta":{"footnotes":""},"categories":[24],"tags":[],"class_list":["post-24492","post","type-post","status-publish","format-standard","has-post-thumbnail","hentry","category-noticias"],"acf":[],"_links":{"self":[{"href":"http:\/\/www.apucarana.pr.gov.br\/site\/wp-json\/wp\/v2\/posts\/24492","targetHints":{"allow":["GET"]}}],"collection":[{"href":"http:\/\/www.apucarana.pr.gov.br\/site\/wp-json\/wp\/v2\/posts"}],"about":[{"href":"http:\/\/www.apucarana.pr.gov.br\/site\/wp-json\/wp\/v2\/types\/post"}],"author":[{"embeddable":true,"href":"http:\/\/www.apucarana.pr.gov.br\/site\/wp-json\/wp\/v2\/users\/4"}],"replies":[{"embeddable":true,"href":"http:\/\/www.apucarana.pr.gov.br\/site\/wp-json\/wp\/v2\/comments?post=24492"}],"version-history":[{"count":1,"href":"http:\/\/www.apucarana.pr.gov.br\/site\/wp-json\/wp\/v2\/posts\/24492\/revisions"}],"predecessor-version":[{"id":100377,"href":"http:\/\/www.apucarana.pr.gov.br\/site\/wp-json\/wp\/v2\/posts\/24492\/revisions\/100377"}],"wp:featuredmedia":[{"embeddable":true,"href":"http:\/\/www.apucarana.pr.gov.br\/site\/wp-json\/"}],"wp:attachment":[{"href":"http:\/\/www.apucarana.pr.gov.br\/site\/wp-json\/wp\/v2\/media?parent=24492"}],"wp:term":[{"taxonomy":"category","embeddable":true,"href":"http:\/\/www.apucarana.pr.gov.br\/site\/wp-json\/wp\/v2\/categories?post=24492"},{"taxonomy":"post_tag","embeddable":true,"href":"http:\/\/www.apucarana.pr.gov.br\/site\/wp-json\/wp\/v2\/tags?post=24492"}],"curies":[{"name":"wp","href":"https:\/\/api.w.org\/{rel}","templated":true}]}}