{"id":2449,"date":"2014-12-15T13:00:00","date_gmt":"2014-12-15T13:00:00","guid":{"rendered":"http:\/\/172.16.0.7\/site-antigo\/?p=2449"},"modified":"2024-10-08T09:09:38","modified_gmt":"2024-10-08T12:09:38","slug":"apucarana-discute-saude-mental-em-brasilia","status":"publish","type":"post","link":"http:\/\/www.apucarana.pr.gov.br\/site\/apucarana-discute-saude-mental-em-brasilia\/","title":{"rendered":"Apucarana discute Sa\u00fade Mental em Bras\u00edlia"},"content":{"rendered":"<p><p><span style=\"letter-spacing: -0.02em; line-height: 1.45em; background-color: initial;\">A Autarquia Municipal de Sa\u00fade (AMS) da Prefeitura de Apucarana teve representa\u00e7\u00e3o durante o XVII Colegiado Nacional de Coordenadores de Sa\u00fade Mental. O evento no in\u00edcio deste m\u00eas, em Bras\u00edlia, e foi organizado pelo Minist\u00e9rio da Sa\u00fade, atrav\u00e9s da Coordena\u00e7\u00e3o Geral de Sa\u00fade Mental &ndash; &Aacute;lcool e outras Drogas. &ldquo;Estiveram presentes coordenadores de diversos munic\u00edpios brasileiros com mais de 200 mil habitantes, bem como os munic\u00edpios que est\u00e3o participando da RAPS (Rede de Aten\u00e7\u00e3o Psicossocial), que \u00e9 o caso de Apucarana&rdquo;, explica a enfermeira Lilian Domingues, coordenadora de Sa\u00fade Mental e representante da AMS no evento.<br \/><\/span><span style=\"letter-spacing: -0.02em; line-height: 1.45em; background-color: initial;\"><br \/>De acordo com ela, o objetivo central do encontro foi avaliar como est\u00e1 sendo empenhada a efetiva\u00e7\u00e3o do Projeto de Interc&acirc;mbio de Experi\u00eancias e Percursos Formativos, que leva profissionais de todos os estados para troca de experi\u00eancias, e onde Apucarana est\u00e1 participando na rede preceptora de Santo Andr\u00e9. &ldquo;Nossa participa\u00e7\u00e3o foi muito rica e positiva, pois al\u00e9m de estar num evento de n\u00edvel nacional, discutindo a pol\u00edtica de sa\u00fade mental com outros munic\u00edpios e avaliando o desenvolvimento de processos em andamento, ainda tivemos o compartilhamento e a demonstra\u00e7\u00e3o de experi\u00eancias exitosas em sa\u00fade mental&rdquo;, avaliou Lilian.<\/span><\/p>\n<p><\/p>\n","protected":false},"excerpt":{"rendered":"<p>Encontro avaliou como est&aacute; sendo empenhada a efetiva&ccedil;&atilde;o do Projeto de Interc&acirc;mbio de Experi&ecirc;ncias e Percursos Formativos<\/p>\n","protected":false},"author":4,"featured_media":0,"comment_status":"closed","ping_status":"closed","sticky":false,"template":"","format":"standard","meta":{"footnotes":""},"categories":[24],"tags":[],"class_list":["post-2449","post","type-post","status-publish","format-standard","hentry","category-noticias"],"acf":[],"_links":{"self":[{"href":"http:\/\/www.apucarana.pr.gov.br\/site\/wp-json\/wp\/v2\/posts\/2449","targetHints":{"allow":["GET"]}}],"collection":[{"href":"http:\/\/www.apucarana.pr.gov.br\/site\/wp-json\/wp\/v2\/posts"}],"about":[{"href":"http:\/\/www.apucarana.pr.gov.br\/site\/wp-json\/wp\/v2\/types\/post"}],"author":[{"embeddable":true,"href":"http:\/\/www.apucarana.pr.gov.br\/site\/wp-json\/wp\/v2\/users\/4"}],"replies":[{"embeddable":true,"href":"http:\/\/www.apucarana.pr.gov.br\/site\/wp-json\/wp\/v2\/comments?post=2449"}],"version-history":[{"count":1,"href":"http:\/\/www.apucarana.pr.gov.br\/site\/wp-json\/wp\/v2\/posts\/2449\/revisions"}],"predecessor-version":[{"id":104430,"href":"http:\/\/www.apucarana.pr.gov.br\/site\/wp-json\/wp\/v2\/posts\/2449\/revisions\/104430"}],"wp:attachment":[{"href":"http:\/\/www.apucarana.pr.gov.br\/site\/wp-json\/wp\/v2\/media?parent=2449"}],"wp:term":[{"taxonomy":"category","embeddable":true,"href":"http:\/\/www.apucarana.pr.gov.br\/site\/wp-json\/wp\/v2\/categories?post=2449"},{"taxonomy":"post_tag","embeddable":true,"href":"http:\/\/www.apucarana.pr.gov.br\/site\/wp-json\/wp\/v2\/tags?post=2449"}],"curies":[{"name":"wp","href":"https:\/\/api.w.org\/{rel}","templated":true}]}}