{"id":2448,"date":"2014-12-15T11:08:00","date_gmt":"2014-12-15T11:08:00","guid":{"rendered":"http:\/\/172.16.0.7\/site-antigo\/?p=2448"},"modified":"2024-10-08T09:09:38","modified_gmt":"2024-10-08T12:09:38","slug":"circuitos-de-corridas-conhecem-vencedores","status":"publish","type":"post","link":"http:\/\/www.apucarana.pr.gov.br\/site\/circuitos-de-corridas-conhecem-vencedores\/","title":{"rendered":"Circuitos de corridas conhecem vencedores"},"content":{"rendered":"<\/p>\n<p><span style=\"letter-spacing: -0.02em; line-height: 1.45em; background-color: initial;\">Ap\u00f3s a realiza\u00e7\u00e3o de v\u00e1rias etapas ao longo do ano, foi disputada no domingo (14\/12), em Apucarana, a prova final de dois circuitos de corrida de rua. A \u00faltima etapa do Circuito Santo Trevisan e do Circuito das Escolas Municipais foi disputada no entorno do Lago Jaboti, reunindo mais de 400 atletas. O prefeito de Apucarana, Beto Preto, esteve presente e participou da entrega de premia\u00e7\u00e3o.<\/span><\/p>\n<p>&ldquo;Tivemos a participa\u00e7\u00e3o nesta etapa final de 200 atletas no Circuito Santo Trevisan, que presta homenagem a um dos \u00edcones do pedestrianismo em Apucarana, e de 217 alunos no Circuito de Corrida de Rua das Escolas Municipais. Estamos incentivando a pr\u00e1tica do atletismo em v\u00e1rias faixas et\u00e1rias, especialmente fazendo a inicia\u00e7\u00e3o junto a estudantes da rede municipal de ensino&rdquo;, frisa o prefeito de Apucarana, Beto Preto.<\/p>\n<p><b>SANTO TREVISAN<\/b> &#8211; De acordo com o secret\u00e1rio municipal de Esportes e Lazer, Paulo Aparecido Kisner (Paul\u00e3o), o Circuito Santo Trevisan foi uma promo\u00e7\u00e3o da pasta e contou ainda com o apoio da Athletic Sport e da Unimed. No masculino, o primeiro lugar na classifica\u00e7\u00e3o geral ficou com Wallace Dias, seguido por Adriano Bastos de Menezes e Vitor Santos Gomes. J\u00e1 no feminino, em primeiro ficou Rosiane Cristina Bolonhezi, seguida por Fabiana de Campos da Fonseca e Alessandra Rodrigues Gouvea. <\/p>\n<p>&ldquo;A premia\u00e7\u00e3o foi de trof\u00e9us do primeiro ao terceiro lugar e de medalha do quatro ao d\u00e9cimo lugar, nas duas categorias. Al\u00e9m disso, o primeiro lugar recebeu R$ 250 em vale compra na Athletic Sport, o segundo R$ 200 e o terceiro R$ 150&rdquo;, detalha Paul\u00e3o.<\/p>\n<p><b>ESCOLAS MUNICIPAIS &ndash;<\/b> O circuito teve quatro etapas anteriores, que classificaram 217 alunos para a prova final. Na categoria A (nascidos em 2006), no masculino o vencedor foi Matheus Guilherme da Silva Marciano e, no feminino, venceu Lorraine Raissa de Melo, ambos da Escola Municipal Jos\u00e9 de Alencar. <\/p>\n<p>Na categoria B (nascidos em 2005), o primeiro lugar foi conquistado por Kaun dos Santos, da Escola Municipal Padre Ant&ocirc;nio Vieira, e no feminino por Stepahny Kawany Mazzo, da Escola Municipal Joaquim Vicente de Castro. <\/p>\n<p>J\u00e1 na categoria C (nascidos em 2004), o campe\u00e3o do circuito foi Jo\u00e3o Estev\u00e3o de Souza Silv\u00e9rio, da Escola Municipal Madalena Coc&ocirc;, enquanto no feminino o t\u00edtulo ficou com Danieli Freitas, da Escola Municipal Juiz Luiz Fernando de Ara\u00fajo Pereira.<\/p>\n<p>&ldquo;Os tr\u00eas primeiros colocados em cada uma das categorias receberam trof\u00e9us e todos os que conclu\u00edram a prova ganharam medalhas. Al\u00e9m disso, os cinco primeiros colocados <span>em cada categoria integrar\u00e3o a equipe de atletismo do Munic\u00edpio, que participar\u00e1 de treinamentos e competi\u00e7\u00f5es&rdquo;, finaliza Paul\u00e3o. <\/span><\/p>\n<p>RESULTADO &#8211; Circuito de Corrida de Rua das Escolas Municipais<\/p>\n<p><b><u>CATEGORIA &ldquo;A&rdquo; MASCULINO 2006<\/u><\/b><\/p>\n<table>\n<tbody>\n<tr>\n<td>\n<p>CLAS.<\/p>\n<\/td>\n<td>\n<p>NOME<\/p>\n<\/td>\n<td>\n<p>ESCOLA<\/p>\n<\/td>\n<\/tr>\n<tr>\n<td>\n<p>1\u00ba<\/p>\n<\/td>\n<td>\n<p>MATHEUS GUILHERME DA SILVA MARCIANO<\/p>\n<\/td>\n<td>\n<p>JOS&Eacute; DE   ALENCAR<\/p>\n<\/td>\n<\/tr>\n<tr>\n<td>\n<p>2\u00ba<\/p>\n<\/td>\n<td>\n<p>LUAN HENRIQUE BARBOSA<\/p>\n<\/td>\n<td>\n<p>JOS&Eacute;   IDESIO BRIANEZI<\/p>\n<\/td>\n<\/tr>\n<tr>\n<td>\n<p>3\u00ba<\/p>\n<\/td>\n<td>\n<p>GUILHERME H. DA SILVA BARBOSA<\/p>\n<\/td>\n<td>\n<p>JOS&Eacute; DE   ALENCAR<\/p>\n<\/td>\n<\/tr>\n<\/tbody>\n<\/table>\n<p><b><\/b><\/p>\n<p><b><u>CATEGORIA &ldquo;A&rdquo; FEMININO 2006<\/u><\/b><\/p>\n<table>\n<tbody>\n<tr>\n<td>\n<p>CLAS.<\/p>\n<\/td>\n<td>\n<p>NOME<\/p>\n<\/td>\n<td>\n<p>ESCOLA<\/p>\n<\/td>\n<\/tr>\n<tr>\n<td>\n<p>1\u00aa<\/p>\n<\/td>\n<td>\n<p>LORRAINE RAISSA DE MELO<\/p>\n<\/td>\n<td>\n<p>JOS&Eacute; DE   ALENCAR<\/p>\n<\/td>\n<\/tr>\n<tr>\n<td>\n<p>2\u00aa<\/p>\n<\/td>\n<td>\n<p>GABRIELA DE MATOS ALBENAZ<\/p>\n<\/td>\n<td>\n<p>ANTONIETA<\/p>\n<\/td>\n<\/tr>\n<tr>\n<td>\n<p>3\u00aa<\/p>\n<\/td>\n<td>\n<p>VIT&Oacute;RIA AP. DA SILVA<\/p>\n<\/td>\n<td>\n<p>MARTA   PEREIRA<\/p>\n<\/td>\n<\/tr>\n<\/tbody>\n<\/table>\n<p><b><\/b><\/p>\n<p><b><u>CATEGORIA &ldquo;B&rdquo; MASCULINO 2005<\/u><\/b><\/p>\n<table>\n<tbody>\n<tr>\n<td>\n<p>CLAS.<\/p>\n<\/td>\n<td>\n<p>NOME<\/p>\n<\/td>\n<td>\n<p>ESCOLA<\/p>\n<\/td>\n<\/tr>\n<tr>\n<td>\n<p>1\u00ba<\/p>\n<\/td>\n<td>\n<p>KAUN DOS SANTOS<\/p>\n<\/td>\n<td>\n<p>PE.   ANTONIO VIEIRA<\/p>\n<\/td>\n<\/tr>\n<tr>\n<td>\n<p>2\u00ba<\/p>\n<\/td>\n<td>\n<p>ANDREY DE PAULA<\/p>\n<\/td>\n<td>\n<p>JOS&Eacute; DE   ALENCAR<\/p>\n<\/td>\n<\/tr>\n<tr>\n<td>\n<p>3\u00ba<\/p>\n<\/td>\n<td>\n<p>RYAN P. ALMEIDA DE OLIVEIRA<\/p>\n<\/td>\n<td>\n<p>MONSENHOR   A. BELTRANI<\/p>\n<\/td>\n<\/tr>\n<\/tbody>\n<\/table>\n<p><b><\/b><\/p>\n<p><b><u>CATEGORIA &ldquo;B&rdquo; FEMININO 2005<\/u><\/b><\/p>\n<table>\n<tbody>\n<tr>\n<td>\n<p>CLAS.<\/p>\n<\/td>\n<td>\n<p>NOME<\/p>\n<\/td>\n<td>\n<p>ESCOLA<\/p>\n<\/td>\n<\/tr>\n<tr>\n<td>\n<p>1\u00aa<\/p>\n<\/td>\n<td>\n<p>STEPHANY KAWANY MAZZO<\/p>\n<\/td>\n<td>\n<p>DR.   JOAQUIM VICENTE DE CASTRO<\/p>\n<\/td>\n<\/tr>\n<tr>\n<td>\n<p>2\u00aa<\/p>\n<\/td>\n<td>\n<p>LARA RAFAELA NUNES<\/p>\n<\/td>\n<td>\n<p>JOS&Eacute;   IDESIO BRIANEZI<\/p>\n<\/td>\n<\/tr>\n<tr>\n<td>\n<p>3\u00aa<\/p>\n<\/td>\n<td>\n<p>MARIA EDUARDA A. GEREMIAS<\/p>\n<\/td>\n<td>\n<p>JOS&Eacute;   IDESIO BRIANEZI<\/p>\n<\/td>\n<\/tr>\n<\/tbody>\n<\/table>\n<p><b><u>CATEGORIA &ldquo;C&rdquo; MASCULINO 2004<\/u><\/b><\/p>\n<table>\n<tbody>\n<tr>\n<td>\n<p>CLAS.<\/p>\n<\/td>\n<td>\n<p>NOME<\/p>\n<\/td>\n<td>\n<p>ESCOLA<\/p>\n<\/td>\n<\/tr>\n<tr>\n<td>\n<p>1\u00ba<\/p>\n<\/td>\n<td>\n<p>JO&Atilde;O ESTEV&Atilde;O C. DE SOUZA SILVERIO<\/p>\n<\/td>\n<td>\n<p>MADALENA   COC&Ocirc;<\/p>\n<\/td>\n<\/tr>\n<tr>\n<td>\n<p>2\u00ba<\/p>\n<\/td>\n<td>\n<p>JO&Atilde;O VICTOR LIMA<\/p>\n<\/td>\n<td>\n<p>PROF.   ALCIDES RAMOS<\/p>\n<\/td>\n<\/tr>\n<tr>\n<td>\n<p>3\u00ba<\/p>\n<\/td>\n<td>\n<p>ANDERSON LUCAS SANTOS<\/p>\n<\/td>\n<td>\n<p>DR.   EDSON GIACOMINI<\/p>\n<\/td>\n<\/tr>\n<\/tbody>\n<\/table>\n<p><b><u>CATEGORIA &ldquo;C&rdquo; FEMININO 2004<\/u><\/b><\/p>\n<table>\n<tbody>\n<tr>\n<td>\n<p>CLAS.<\/p>\n<\/td>\n<td>\n<p>NOME<\/p>\n<\/td>\n<td>\n<p>ESCOLA<\/p>\n<\/td>\n<\/tr>\n<tr>\n<td>\n<p>1\u00aa<\/p>\n<\/td>\n<td>\n<p>DANIELI FREITAS<\/p>\n<\/td>\n<td>\n<p>JUIZ   LUIZ<\/p>\n<\/td>\n<\/tr>\n<tr>\n<td>\n<p>2\u00aa<\/p>\n<\/td>\n<td>\n<p>ANA CLAUDIA DOS SANTOS<\/p>\n<\/td>\n<td>\n<p>MONSENHOR   A. BELTRANI<\/p>\n<\/td>\n<\/tr>\n<tr>\n<td>\n<p>3\u00aa<\/p>\n<\/td>\n<td>\n<p>TAILA R. DE M. ALMEIDA<\/p>\n<\/td>\n<td>\n<p>PE   ANTONIO VIEIRA<\/p>\n<\/td>\n<\/tr>\n<\/tbody>\n<\/table>\n<p><b style=\"letter-spacing: -0.02em; line-height: 1.45em; background-color: initial;\"><u><br \/><\/u><\/b><\/p>\n<p><b style=\"letter-spacing: -0.02em; line-height: 1.45em; background-color: initial;\"><u>CLASSIFICA&Ccedil;&Atilde;O GERAL DO CIRCUITO DE CORRIDAS DE RUA SANTO TREVISAN<\/u><\/b><\/p>\n<p><b style=\"letter-spacing: -0.02em; line-height: 1.45em; background-color: initial;\"><u>MASCULINO<\/u><\/b><\/p>\n<\/p>\n<table>\n<tbody>\n<tr>\n<td>\n<p><b>CLAS.<\/b><\/p>\n<\/td>\n<td>\n<p><b>NOME<\/b><\/p>\n<\/td>\n<td>\n<p><b>EQUIPE<\/b><\/p>\n<\/td>\n<\/tr>\n<tr>\n<td>\n<p>1\u00aa<\/p>\n<\/td>\n<td>\n<p>WALLACE DIAS MACEDO<\/p>\n<\/td>\n<td>\n<p>OS TUCANOS &#8211; ROLANDIA<\/p>\n<\/td>\n<\/tr>\n<tr>\n<td>\n<p>2\u00aa<\/p>\n<\/td>\n<td>\n<p>ADRIANO BASTOS DE MENEZES<\/p>\n<\/td>\n<td>\n<p>OS TUCANOS &#8211; ROLANDIA<\/p>\n<\/td>\n<\/tr>\n<tr>\n<td>\n<p>3\u00aa<\/p>\n<\/td>\n<td>\n<p>VITOR SANTOS GOMES<\/p>\n<\/td>\n<td>\n<p>OS TUCANOS &#8211; ROLANDIA<\/p>\n<\/td>\n<\/tr>\n<\/tbody>\n<\/table>\n<p><b><u>FEMININO<\/u><\/b><\/p>\n<table>\n<tbody>\n<tr>\n<td>\n<p><b>CLAS.<\/b><\/p>\n<\/td>\n<td>\n<p><b>NOME<\/b><\/p>\n<\/td>\n<td>\n<p><b>EQUIPE<\/b><\/p>\n<\/td>\n<\/tr>\n<tr>\n<td>\n<p>1\u00aa<\/p>\n<\/td>\n<td>\n<p>ROSIANE CRISTINA BOLONHEZI<\/p>\n<\/td>\n<td>\n<p>P&Eacute; VERMELHO &ndash; APUCARANA<\/p>\n<\/td>\n<\/tr>\n<tr>\n<td>\n<p>2\u00aa<\/p>\n<\/td>\n<td>\n<p>FABIANA DE CAMPOS DA FONSECA<\/p>\n<\/td>\n<td>\n<p>AVULSO <\/p>\n<\/td>\n<\/tr>\n<tr>\n<td>\n<p>3\u00aa<\/p>\n<\/td>\n<td>\n<p>ALESSANDRA R<br \/>\nODRIGUES GOUVEA<\/p>\n<\/td>\n<td>\n<p>P&Eacute; VERMELHO &ndash; CAMBIRA<\/p>\n<\/td>\n<\/tr>\n<\/tbody>\n<\/table>\n<p>OBS: O restante da classifica\u00e7\u00e3o est\u00e1 dispon\u00edvel no site <a href=\"http:\/\/www.chiptiming.com.br\/\">www.chiptiming.com.br<\/a><\/p>\n<p><\/p>\n","protected":false},"excerpt":{"rendered":"<p>A &uacute;ltima etapa do Circuito Santo Trevisan e do Circuito das Escolas Municipais foi disputada no entorno do Lago Jaboti, reunindo mais de 400 atletas<\/p>\n","protected":false},"author":4,"featured_media":0,"comment_status":"closed","ping_status":"closed","sticky":false,"template":"","format":"standard","meta":{"footnotes":""},"categories":[24],"tags":[],"class_list":["post-2448","post","type-post","status-publish","format-standard","hentry","category-noticias"],"acf":[],"_links":{"self":[{"href":"http:\/\/www.apucarana.pr.gov.br\/site\/wp-json\/wp\/v2\/posts\/2448","targetHints":{"allow":["GET"]}}],"collection":[{"href":"http:\/\/www.apucarana.pr.gov.br\/site\/wp-json\/wp\/v2\/posts"}],"about":[{"href":"http:\/\/www.apucarana.pr.gov.br\/site\/wp-json\/wp\/v2\/types\/post"}],"author":[{"embeddable":true,"href":"http:\/\/www.apucarana.pr.gov.br\/site\/wp-json\/wp\/v2\/users\/4"}],"replies":[{"embeddable":true,"href":"http:\/\/www.apucarana.pr.gov.br\/site\/wp-json\/wp\/v2\/comments?post=2448"}],"version-history":[{"count":1,"href":"http:\/\/www.apucarana.pr.gov.br\/site\/wp-json\/wp\/v2\/posts\/2448\/revisions"}],"predecessor-version":[{"id":104432,"href":"http:\/\/www.apucarana.pr.gov.br\/site\/wp-json\/wp\/v2\/posts\/2448\/revisions\/104432"}],"wp:attachment":[{"href":"http:\/\/www.apucarana.pr.gov.br\/site\/wp-json\/wp\/v2\/media?parent=2448"}],"wp:term":[{"taxonomy":"category","embeddable":true,"href":"http:\/\/www.apucarana.pr.gov.br\/site\/wp-json\/wp\/v2\/categories?post=2448"},{"taxonomy":"post_tag","embeddable":true,"href":"http:\/\/www.apucarana.pr.gov.br\/site\/wp-json\/wp\/v2\/tags?post=2448"}],"curies":[{"name":"wp","href":"https:\/\/api.w.org\/{rel}","templated":true}]}}