{"id":2447,"date":"2014-12-15T11:48:00","date_gmt":"2014-12-15T11:48:00","guid":{"rendered":"http:\/\/172.16.0.7\/site-antigo\/?p=2447"},"modified":"2024-10-08T09:09:38","modified_gmt":"2024-10-08T12:09:38","slug":"apucarana-promove-segunda-edicao-da-feira-da-agricultura-familiar","status":"publish","type":"post","link":"http:\/\/www.apucarana.pr.gov.br\/site\/apucarana-promove-segunda-edicao-da-feira-da-agricultura-familiar\/","title":{"rendered":"Apucarana promove segunda edi\u00e7\u00e3o da Feira da Agricultura Familiar"},"content":{"rendered":"<p><p>Durante tr\u00eas dias, a popula\u00e7\u00e3o de Apucarana e regi\u00e3o ter\u00e1 acesso a v\u00e1rios produtos da agricultura familiar, al\u00e9m de poder apreciar a gastronomia e conferir shows art\u00edsticos rurais. A segunda edi\u00e7\u00e3o da Feira da Agricultura Familiar come\u00e7a nesta quinta-feira (18\/12) e vai at\u00e9 o dia 20, na Pra\u00e7a Rui Barbosa. A iniciativa \u00e9 da Prefeitura de Apucarana, atrav\u00e9s da Secretaria Municipal de Agricultura.<\/p>\n<p>O prefeito de Apucarana, Beto Preto, ressalta que o Munic\u00edpio est\u00e1 desenvolvendo a\u00e7\u00f5es efetivas para fomentar o setor, entre as quais se destacam o Programa Terra Forte, o curso de cultivo de produtos org&acirc;nicos e a meliponicultura (abelha sem ferr\u00e3o). &ldquo;A popula\u00e7\u00e3o poder\u00e1 conferir como a agricultura familiar est\u00e1 se desenvolvendo no munic\u00edpio e as a\u00e7\u00f5es que est\u00e3o permitindo esse aprimoramento&rdquo;, salienta Beto Preto. <\/p>\n<p>O secret\u00e1rio municipal de Agricultura, Jo\u00e3o Carmo Fonseca, afirma que a feira chega \u00e0 segunda edi\u00e7\u00e3o com objetivo de se firmar como um evento tradicional em Apucarana. &ldquo;Al\u00e9m de divulgar o potencial da agropecu\u00e1ria local, \u00e9 uma oportunidade dos consumidores adquirirem v\u00e1rios produtos diretamente dos agricultores, degustarem a culin\u00e1ria e apreciarem shows art\u00edsticos rurais&rdquo;, explica Fonseca. <\/p>\n<p>Conforme Jos\u00e9 Luiz Porto, superintendente municipal de Agricultura, haver\u00e1 barracas de flores, produtos org&acirc;nicos, caf\u00e9, meliponicultura, leite e derivados. &ldquo;Al\u00e9m disso, teremos barracas da Emater com produtos da agricultura familiar e da Secretaria Municipal da Agricultura, onde estaremos mostrando nossos programas e distribuindo mudas de cerejeira, quaresmeira, aroeira salsa&rdquo;, completa.<\/p>\n<p>Durante os tr\u00eas dias da feira, a secretaria tamb\u00e9m ir\u00e1 distribuir mudas de citronela e sementes de crotal\u00e1ria, a\u00e7\u00e3o que faz parte do Programa de Combate \u00e0 Dengue. &ldquo;Diariamente, a feira funcionar\u00e1 no per\u00edodo das 9 \u00e0s 22 horas, sendo que os shows art\u00edsticos acontecer\u00e3o no per\u00edodo das 18 \u00e0s 22 horas&rdquo;, informa Porto.<\/p>\n<p><\/p>\n","protected":false},"excerpt":{"rendered":"<p>Evento come&ccedil;a nesta quinta-feira (18\/12) e vai at&eacute; o dia 20, na Pra&ccedil;a Rui Barbosa<\/p>\n","protected":false},"author":4,"featured_media":0,"comment_status":"closed","ping_status":"closed","sticky":false,"template":"","format":"standard","meta":{"footnotes":""},"categories":[24],"tags":[],"class_list":["post-2447","post","type-post","status-publish","format-standard","hentry","category-noticias"],"acf":[],"_links":{"self":[{"href":"http:\/\/www.apucarana.pr.gov.br\/site\/wp-json\/wp\/v2\/posts\/2447","targetHints":{"allow":["GET"]}}],"collection":[{"href":"http:\/\/www.apucarana.pr.gov.br\/site\/wp-json\/wp\/v2\/posts"}],"about":[{"href":"http:\/\/www.apucarana.pr.gov.br\/site\/wp-json\/wp\/v2\/types\/post"}],"author":[{"embeddable":true,"href":"http:\/\/www.apucarana.pr.gov.br\/site\/wp-json\/wp\/v2\/users\/4"}],"replies":[{"embeddable":true,"href":"http:\/\/www.apucarana.pr.gov.br\/site\/wp-json\/wp\/v2\/comments?post=2447"}],"version-history":[{"count":1,"href":"http:\/\/www.apucarana.pr.gov.br\/site\/wp-json\/wp\/v2\/posts\/2447\/revisions"}],"predecessor-version":[{"id":104431,"href":"http:\/\/www.apucarana.pr.gov.br\/site\/wp-json\/wp\/v2\/posts\/2447\/revisions\/104431"}],"wp:attachment":[{"href":"http:\/\/www.apucarana.pr.gov.br\/site\/wp-json\/wp\/v2\/media?parent=2447"}],"wp:term":[{"taxonomy":"category","embeddable":true,"href":"http:\/\/www.apucarana.pr.gov.br\/site\/wp-json\/wp\/v2\/categories?post=2447"},{"taxonomy":"post_tag","embeddable":true,"href":"http:\/\/www.apucarana.pr.gov.br\/site\/wp-json\/wp\/v2\/tags?post=2447"}],"curies":[{"name":"wp","href":"https:\/\/api.w.org\/{rel}","templated":true}]}}